{"id":6911,"date":"2026-04-13T12:35:17","date_gmt":"2026-04-13T12:35:17","guid":{"rendered":"https:\/\/azuaalinstante.com\/?p=6911"},"modified":"2026-04-13T12:35:18","modified_gmt":"2026-04-13T12:35:18","slug":"medio-ambiente-anuncia-tolerancia-cero-para-las-ocupaciones-ilegales-en-las-dunas","status":"publish","type":"post","link":"https:\/\/azuaalinstante.com\/index.php\/2026\/04\/13\/medio-ambiente-anuncia-tolerancia-cero-para-las-ocupaciones-ilegales-en-las-dunas\/","title":{"rendered":"Medio Ambiente anuncia tolerancia cero para las ocupaciones ilegales en Las Dunas"},"content":{"rendered":"\n<h2 class=\"wp-block-heading\">Alrededor de las 9:00 de la ma\u00f1ana, el ministro Armando Pa\u00edno Henr\u00edquez arrib\u00f3 al barrio militar en Las Calderas, pr\u00f3ximo al \u00e1rea de Dunas afectadas en esta ocasi\u00f3n, acompa\u00f1ado de medio centenar de militares, que dan protecci\u00f3n a este parque ecol\u00f3gico.<\/h2>\n\n\n\n<ul class=\"wp-block-list\">\n<li><\/li>\n<\/ul>\n\n\n\n<figure class=\"wp-block-image\"><img decoding=\"async\" src=\"https:\/\/listindiario.com\/files\/vertical_main_image\/uploads\/2026\/04\/12\/69dc47d0662b2.jpeg\" alt=\"Vista de las viviendas construidas por particulares, denunciadas en reportaje publicado por List\u00edn Diario.\"\/><figcaption class=\"wp-element-caption\">Vista de las viviendas construidas por particulares, denunciadas en reportaje publicado <\/figcaption><\/figure>\n\n\n\n<p>Bani, RD<\/p>\n\n\n\n<p id=\"m140944-140943-140945\"><strong>El ministro de Medio Ambiente, Armando Pa\u00edno Henr\u00edquez<\/strong>, acompa\u00f1ado de un contingente militar, realiz\u00f3 este domingo&nbsp;<strong>una sorpresiva intervenci\u00f3n en Las Dunas<\/strong>&nbsp;<strong>de Las Calderas, en Ban\u00ed<\/strong>, para apreciar en primera persona, las \u00e1reas ocupadas por particulares de forma ilegal en este monumento natural.<\/p>\n","protected":false},"excerpt":{"rendered":"<p>Alrededor de las 9:00 de la ma\u00f1ana, el ministro Armando Pa\u00edno Henr\u00edquez arrib\u00f3 al barrio militar en Las Calderas, pr\u00f3ximo al \u00e1rea de Dunas afectadas en esta ocasi\u00f3n, acompa\u00f1ado de medio centenar de militares, que dan protecci\u00f3n a este parque ecol\u00f3gico. Bani, RD El ministro de Medio Ambiente, Armando Pa\u00edno Henr\u00edquez, acompa\u00f1ado de un contingente [&hellip;]<\/p>\n","protected":false},"author":2,"featured_media":6912,"comment_status":"open","ping_status":"open","sticky":false,"template":"","format":"standard","meta":{"_monsterinsights_skip_tracking":false,"_monsterinsights_sitenote_active":false,"_monsterinsights_sitenote_note":"","_monsterinsights_sitenote_category":0,"footnotes":""},"categories":[1],"tags":[],"class_list":["post-6911","post","type-post","status-publish","format-standard","has-post-thumbnail","hentry","category-uncategorized"],"aioseo_notices":[],"_links":{"self":[{"href":"https:\/\/azuaalinstante.com\/index.php\/wp-json\/wp\/v2\/posts\/6911","targetHints":{"allow":["GET"]}}],"collection":[{"href":"https:\/\/azuaalinstante.com\/index.php\/wp-json\/wp\/v2\/posts"}],"about":[{"href":"https:\/\/azuaalinstante.com\/index.php\/wp-json\/wp\/v2\/types\/post"}],"author":[{"embeddable":true,"href":"https:\/\/azuaalinstante.com\/index.php\/wp-json\/wp\/v2\/users\/2"}],"replies":[{"embeddable":true,"href":"https:\/\/azuaalinstante.com\/index.php\/wp-json\/wp\/v2\/comments?post=6911"}],"version-history":[{"count":1,"href":"https:\/\/azuaalinstante.com\/index.php\/wp-json\/wp\/v2\/posts\/6911\/revisions"}],"predecessor-version":[{"id":6913,"href":"https:\/\/azuaalinstante.com\/index.php\/wp-json\/wp\/v2\/posts\/6911\/revisions\/6913"}],"wp:featuredmedia":[{"embeddable":true,"href":"https:\/\/azuaalinstante.com\/index.php\/wp-json\/wp\/v2\/media\/6912"}],"wp:attachment":[{"href":"https:\/\/azuaalinstante.com\/index.php\/wp-json\/wp\/v2\/media?parent=6911"}],"wp:term":[{"taxonomy":"category","embeddable":true,"href":"https:\/\/azuaalinstante.com\/index.php\/wp-json\/wp\/v2\/categories?post=6911"},{"taxonomy":"post_tag","embeddable":true,"href":"https:\/\/azuaalinstante.com\/index.php\/wp-json\/wp\/v2\/tags?post=6911"}],"curies":[{"name":"wp","href":"https:\/\/api.w.org\/{rel}","templated":true}]}}