{"id":7000,"date":"2026-04-14T14:08:10","date_gmt":"2026-04-14T14:08:10","guid":{"rendered":"https:\/\/azuaalinstante.com\/?p=7000"},"modified":"2026-04-14T14:08:11","modified_gmt":"2026-04-14T14:08:11","slug":"carlos-batista-matos-el-hombre-mas-caro-de-la-tv-y-referente-de-la-cronica-artistica-dominicana","status":"publish","type":"post","link":"https:\/\/azuaalinstante.com\/index.php\/2026\/04\/14\/carlos-batista-matos-el-hombre-mas-caro-de-la-tv-y-referente-de-la-cronica-artistica-dominicana\/","title":{"rendered":"Carlos Batista Matos: \"El hombre m\u00e1s caro de la TV\" y referente de la cr\u00f3nica art\u00edstica dominicana"},"content":{"rendered":"\n<h2 class=\"wp-block-heading\">A lo largo de su trayectoria, Carlos Baatista Matos se convirti\u00f3 en una de las figuras m\u00e1s influyentes del periodismo de entretenimiento en Rep\u00fablica Dominicana.&nbsp;<\/h2>\n\n\n\n<ul class=\"wp-block-list\">\n<li><\/li>\n<\/ul>\n\n\n\n<figure class=\"wp-block-image\"><img decoding=\"async\" src=\"https:\/\/listindiario.com\/files\/vertical_main_image\/uploads\/2026\/04\/14\/69de23b8a040c.jpeg\" alt=\"El 13 de abril confirmaron el fallecimiento del reconocido periodista Carlos Batista Matos.\"\/><figcaption class=\"wp-element-caption\">El 13 de abril confirmaron el fallecimiento del reconocido periodista Carlos Batista Matos .Fuentes externa<\/figcaption><\/figure>\n\n\n\n<p> referente del periodismo de arte y espect\u00e1culos, muri\u00f3 ayer lunes en su apartamento de Santo Domingo. Ten\u00eda 75 a\u00f1os de edad. Se consideraba \u201c<strong>El hombre m\u00e1s bello<\/strong>\u201d y bromeaba constantemente sobre sus gustos por las corbatas, la ropa costosa y sus lujosos viajes alrededor del mundo.<\/p>\n","protected":false},"excerpt":{"rendered":"<p>A lo largo de su trayectoria, Carlos Baatista Matos se convirti\u00f3 en una de las figuras m\u00e1s influyentes del periodismo de entretenimiento en Rep\u00fablica Dominicana.&nbsp; referente del periodismo de arte y espect\u00e1culos, muri\u00f3 ayer lunes en su apartamento de Santo Domingo. Ten\u00eda 75 a\u00f1os de edad. Se consideraba \u201cEl hombre m\u00e1s bello\u201d y bromeaba constantemente [&hellip;]<\/p>\n","protected":false},"author":2,"featured_media":7001,"comment_status":"open","ping_status":"open","sticky":false,"template":"","format":"standard","meta":{"_monsterinsights_skip_tracking":false,"_monsterinsights_sitenote_active":false,"_monsterinsights_sitenote_note":"","_monsterinsights_sitenote_category":0,"footnotes":""},"categories":[1],"tags":[],"class_list":["post-7000","post","type-post","status-publish","format-standard","has-post-thumbnail","hentry","category-uncategorized"],"aioseo_notices":[],"_links":{"self":[{"href":"https:\/\/azuaalinstante.com\/index.php\/wp-json\/wp\/v2\/posts\/7000","targetHints":{"allow":["GET"]}}],"collection":[{"href":"https:\/\/azuaalinstante.com\/index.php\/wp-json\/wp\/v2\/posts"}],"about":[{"href":"https:\/\/azuaalinstante.com\/index.php\/wp-json\/wp\/v2\/types\/post"}],"author":[{"embeddable":true,"href":"https:\/\/azuaalinstante.com\/index.php\/wp-json\/wp\/v2\/users\/2"}],"replies":[{"embeddable":true,"href":"https:\/\/azuaalinstante.com\/index.php\/wp-json\/wp\/v2\/comments?post=7000"}],"version-history":[{"count":1,"href":"https:\/\/azuaalinstante.com\/index.php\/wp-json\/wp\/v2\/posts\/7000\/revisions"}],"predecessor-version":[{"id":7002,"href":"https:\/\/azuaalinstante.com\/index.php\/wp-json\/wp\/v2\/posts\/7000\/revisions\/7002"}],"wp:featuredmedia":[{"embeddable":true,"href":"https:\/\/azuaalinstante.com\/index.php\/wp-json\/wp\/v2\/media\/7001"}],"wp:attachment":[{"href":"https:\/\/azuaalinstante.com\/index.php\/wp-json\/wp\/v2\/media?parent=7000"}],"wp:term":[{"taxonomy":"category","embeddable":true,"href":"https:\/\/azuaalinstante.com\/index.php\/wp-json\/wp\/v2\/categories?post=7000"},{"taxonomy":"post_tag","embeddable":true,"href":"https:\/\/azuaalinstante.com\/index.php\/wp-json\/wp\/v2\/tags?post=7000"}],"curies":[{"name":"wp","href":"https:\/\/api.w.org\/{rel}","templated":true}]}}