{"id":7848,"date":"2026-04-26T13:13:19","date_gmt":"2026-04-26T13:13:19","guid":{"rendered":"https:\/\/azuaalinstante.com\/?p=7848"},"modified":"2026-04-26T13:13:48","modified_gmt":"2026-04-26T13:13:48","slug":"abinader-dice-sentirse-aliviado-de-que-trump-este-a-salvo-despues-de-un-cobarde-ataque-de-anoche","status":"publish","type":"post","link":"https:\/\/azuaalinstante.com\/index.php\/2026\/04\/26\/abinader-dice-sentirse-aliviado-de-que-trump-este-a-salvo-despues-de-un-cobarde-ataque-de-anoche\/","title":{"rendered":"Abinader dice sentirse aliviado de que Trump est\u00e9 a salvo \"despu\u00e9s de un cobarde ataque de anoche\""},"content":{"rendered":"\n<h2 class=\"wp-block-heading\">\"Nos sentimos tan aliviados de que el presidente Trump (@realDonaldTrump), la primera dama y todos los dem\u00e1s invitados est\u00e9n a salvo despu\u00e9s de un cobarde ataque esta noche en Washington\", dijo Abinader en su cuenta de X.<\/h2>\n\n\n\n<ul class=\"wp-block-list\">\n<li><\/li>\n<\/ul>\n\n\n\n<figure class=\"wp-block-image\"><img decoding=\"async\" src=\"https:\/\/listindiario.com\/files\/vertical_main_image\/uploads\/2026\/03\/07\/69ac6e6514e6b.jpeg\" alt=\"Luis Abinader junto a Donald Trump y otros presidentes de Latinoam\u00e9rica en la cumbre \u201cEscudo de las Am\u00e9ricas\u201d. 7 de marzo 2026.\"\/><figcaption class=\"wp-element-caption\">Luis Abinader junto a Donald Trump. Fuente externa<\/figcaption><\/figure>\n\n\n\n<p id=\"m69787-69786-69788\">El presidente dominicano&nbsp;<strong>Luis Abinader<\/strong>&nbsp;dijo estar \"aliviado\" luego de que el presidente&nbsp;de&nbsp;<strong>Estados Unidos,&nbsp;Donald Trump<\/strong>,&nbsp;fuera evacuado de una cena con periodistas, a la que asistieron tambi\u00e9n varios&nbsp; dirigentes estadounidenses, el s\u00e1bado por la noche.<\/p>\n","protected":false},"excerpt":{"rendered":"<p>\"Nos sentimos tan aliviados de que el presidente Trump (@realDonaldTrump), la primera dama y todos los dem\u00e1s invitados est\u00e9n a salvo despu\u00e9s de un cobarde ataque esta noche en Washington\", dijo Abinader en su cuenta de X. El presidente dominicano&nbsp;Luis Abinader&nbsp;dijo estar \"aliviado\" luego de que el presidente&nbsp;de&nbsp;Estados Unidos,&nbsp;Donald Trump,&nbsp;fuera evacuado de una cena con [&hellip;]<\/p>\n","protected":false},"author":2,"featured_media":7849,"comment_status":"open","ping_status":"open","sticky":false,"template":"","format":"standard","meta":{"_monsterinsights_skip_tracking":false,"_monsterinsights_sitenote_active":false,"_monsterinsights_sitenote_note":"","_monsterinsights_sitenote_category":0,"footnotes":""},"categories":[7],"tags":[],"class_list":["post-7848","post","type-post","status-publish","format-standard","has-post-thumbnail","hentry","category-gobierno"],"aioseo_notices":[],"_links":{"self":[{"href":"https:\/\/azuaalinstante.com\/index.php\/wp-json\/wp\/v2\/posts\/7848","targetHints":{"allow":["GET"]}}],"collection":[{"href":"https:\/\/azuaalinstante.com\/index.php\/wp-json\/wp\/v2\/posts"}],"about":[{"href":"https:\/\/azuaalinstante.com\/index.php\/wp-json\/wp\/v2\/types\/post"}],"author":[{"embeddable":true,"href":"https:\/\/azuaalinstante.com\/index.php\/wp-json\/wp\/v2\/users\/2"}],"replies":[{"embeddable":true,"href":"https:\/\/azuaalinstante.com\/index.php\/wp-json\/wp\/v2\/comments?post=7848"}],"version-history":[{"count":1,"href":"https:\/\/azuaalinstante.com\/index.php\/wp-json\/wp\/v2\/posts\/7848\/revisions"}],"predecessor-version":[{"id":7850,"href":"https:\/\/azuaalinstante.com\/index.php\/wp-json\/wp\/v2\/posts\/7848\/revisions\/7850"}],"wp:featuredmedia":[{"embeddable":true,"href":"https:\/\/azuaalinstante.com\/index.php\/wp-json\/wp\/v2\/media\/7849"}],"wp:attachment":[{"href":"https:\/\/azuaalinstante.com\/index.php\/wp-json\/wp\/v2\/media?parent=7848"}],"wp:term":[{"taxonomy":"category","embeddable":true,"href":"https:\/\/azuaalinstante.com\/index.php\/wp-json\/wp\/v2\/categories?post=7848"},{"taxonomy":"post_tag","embeddable":true,"href":"https:\/\/azuaalinstante.com\/index.php\/wp-json\/wp\/v2\/tags?post=7848"}],"curies":[{"name":"wp","href":"https:\/\/api.w.org\/{rel}","templated":true}]}}