{"id":7872,"date":"2026-04-26T13:30:02","date_gmt":"2026-04-26T13:30:02","guid":{"rendered":"https:\/\/azuaalinstante.com\/?p=7872"},"modified":"2026-04-26T13:30:02","modified_gmt":"2026-04-26T13:30:02","slug":"comunitarios-denuncian-mercantilizacion-de-la-salud-y-piden-medidas-justas-en-caso-senasa","status":"publish","type":"post","link":"https:\/\/azuaalinstante.com\/index.php\/2026\/04\/26\/comunitarios-denuncian-mercantilizacion-de-la-salud-y-piden-medidas-justas-en-caso-senasa\/","title":{"rendered":"Comunitarios denuncian mercantilizaci\u00f3n de la salud y piden medidas justas en caso Senasa"},"content":{"rendered":"\n<h2 class=\"wp-block-heading\">Se\u00f1al\u00f3 que los datos que poseen de Senansa arrojan que el funcionamiento de seguridad social expresa que los recursos se dirig\u00edan a los prestadores privados de la instituci\u00f3n.<\/h2>\n\n\n\n<ul class=\"wp-block-list\">\n<li><\/li>\n<\/ul>\n\n\n\n<figure class=\"wp-block-image\"><img decoding=\"async\" src=\"https:\/\/listindiario.com\/files\/vertical_main_image\/uploads\/2026\/04\/25\/69ed24d48e722.jpeg\" alt=\"Rosa Lina N\u00fa\u00f1ez, dirigente de la  Coalici\u00f3n por la Seguridad Social Digna.\"\/><figcaption class=\"wp-element-caption\">Rosa Lina N\u00fa\u00f1ez, dirigente de la Coalici\u00f3n por la Seguridad Social Digna.Leonel Matos<\/figcaption><\/figure>\n\n\n\n<p id=\"m74407-74406-74408\">Durante la asamblea de planificaci\u00f3n del Foro Ciudadano, la&nbsp;<strong>Coalici\u00f3n por la Seguridad Social Digna<\/strong>, junto a dirigentes comunitarios, aseguraron que en el&nbsp;<strong>Servicio Nacional de Salud&nbsp;<\/strong>(Senasa) se han desarrollado procesos de mercantilizaci\u00f3n con el derecho a la salud.<\/p>\n","protected":false},"excerpt":{"rendered":"<p>Se\u00f1al\u00f3 que los datos que poseen de Senansa arrojan que el funcionamiento de seguridad social expresa que los recursos se dirig\u00edan a los prestadores privados de la instituci\u00f3n. Durante la asamblea de planificaci\u00f3n del Foro Ciudadano, la&nbsp;Coalici\u00f3n por la Seguridad Social Digna, junto a dirigentes comunitarios, aseguraron que en el&nbsp;Servicio Nacional de Salud&nbsp;(Senasa) se han [&hellip;]<\/p>\n","protected":false},"author":2,"featured_media":7873,"comment_status":"open","ping_status":"open","sticky":false,"template":"","format":"standard","meta":{"_monsterinsights_skip_tracking":false,"_monsterinsights_sitenote_active":false,"_monsterinsights_sitenote_note":"","_monsterinsights_sitenote_category":0,"footnotes":""},"categories":[5],"tags":[],"class_list":["post-7872","post","type-post","status-publish","format-standard","has-post-thumbnail","hentry","category-republica"],"aioseo_notices":[],"_links":{"self":[{"href":"https:\/\/azuaalinstante.com\/index.php\/wp-json\/wp\/v2\/posts\/7872","targetHints":{"allow":["GET"]}}],"collection":[{"href":"https:\/\/azuaalinstante.com\/index.php\/wp-json\/wp\/v2\/posts"}],"about":[{"href":"https:\/\/azuaalinstante.com\/index.php\/wp-json\/wp\/v2\/types\/post"}],"author":[{"embeddable":true,"href":"https:\/\/azuaalinstante.com\/index.php\/wp-json\/wp\/v2\/users\/2"}],"replies":[{"embeddable":true,"href":"https:\/\/azuaalinstante.com\/index.php\/wp-json\/wp\/v2\/comments?post=7872"}],"version-history":[{"count":1,"href":"https:\/\/azuaalinstante.com\/index.php\/wp-json\/wp\/v2\/posts\/7872\/revisions"}],"predecessor-version":[{"id":7874,"href":"https:\/\/azuaalinstante.com\/index.php\/wp-json\/wp\/v2\/posts\/7872\/revisions\/7874"}],"wp:featuredmedia":[{"embeddable":true,"href":"https:\/\/azuaalinstante.com\/index.php\/wp-json\/wp\/v2\/media\/7873"}],"wp:attachment":[{"href":"https:\/\/azuaalinstante.com\/index.php\/wp-json\/wp\/v2\/media?parent=7872"}],"wp:term":[{"taxonomy":"category","embeddable":true,"href":"https:\/\/azuaalinstante.com\/index.php\/wp-json\/wp\/v2\/categories?post=7872"},{"taxonomy":"post_tag","embeddable":true,"href":"https:\/\/azuaalinstante.com\/index.php\/wp-json\/wp\/v2\/tags?post=7872"}],"curies":[{"name":"wp","href":"https:\/\/api.w.org\/{rel}","templated":true}]}}