{"id":7875,"date":"2026-04-26T13:31:49","date_gmt":"2026-04-26T13:31:49","guid":{"rendered":"https:\/\/azuaalinstante.com\/?p=7875"},"modified":"2026-04-26T13:31:50","modified_gmt":"2026-04-26T13:31:50","slug":"el-caso-intrant-con-hugo-beras-y-jochi-gomez-como-protagonistas-ya-espera-por-decision-de-jueza","status":"publish","type":"post","link":"https:\/\/azuaalinstante.com\/index.php\/2026\/04\/26\/el-caso-intrant-con-hugo-beras-y-jochi-gomez-como-protagonistas-ya-espera-por-decision-de-jueza\/","title":{"rendered":"El caso Intrant, con Hugo Beras y Jochi G\u00f3mez como protagonistas, ya espera por decisi\u00f3n de jueza"},"content":{"rendered":"\n<h2 class=\"wp-block-heading\">Esa decisi\u00f3n est\u00e1 en manos de la jueza Yanibet Rivas, del Sexto Juzgado de la Instrucci\u00f3n del Distrito Nacional, quien fij\u00f3 reserv\u00f3 el fallo para el pr\u00f3ximo martes cinco de mayo, a partir de las 9:00 de la ma\u00f1ana<\/h2>\n\n\n\n<ul class=\"wp-block-list\">\n<li><\/li>\n<\/ul>\n\n\n\n<figure class=\"wp-block-image\"><img decoding=\"async\" src=\"https:\/\/listindiario.com\/files\/vertical_main_image\/uploads\/2024\/10\/10\/67086d327a188.jpeg\" alt=\"El tribunal impuso 18 meses de prisi\u00f3n preventiva en contra de Jochi G\u00f3mez y el exdirector del Intrant, Hugo Beras, figuras centrales en la acusaci\u00f3n contenida en el expediente del caso \u201cCamale\u00f3n\u201d.\"\/><figcaption class=\"wp-element-caption\">El pr\u00f3ximo cinco de mayo se determinar\u00e1 si lo implicados ir\u00e1n a juicio de fondo  JORGE MARTINEZ<\/figcaption><\/figure>\n\n\n\n<p id=\"m42982-42981-42983\">Tras escuchar la comparecencia de varios de los imputados, la noche del viernes culmin\u00f3 la audiencia preliminar contra&nbsp;<strong>Hugo Beras, Jochi G\u00f3mez&nbsp;<\/strong>y dem\u00e1s implicados en el presunto fraude al Estado mediante la adjudicaci\u00f3n e instalaci\u00f3n de una red semaf\u00f3rica y se decidir\u00e1 si el caso ir\u00e1 a juicio a fondo.<\/p>\n","protected":false},"excerpt":{"rendered":"<p>Esa decisi\u00f3n est\u00e1 en manos de la jueza Yanibet Rivas, del Sexto Juzgado de la Instrucci\u00f3n del Distrito Nacional, quien fij\u00f3 reserv\u00f3 el fallo para el pr\u00f3ximo martes cinco de mayo, a partir de las 9:00 de la ma\u00f1ana Tras escuchar la comparecencia de varios de los imputados, la noche del viernes culmin\u00f3 la audiencia [&hellip;]<\/p>\n","protected":false},"author":2,"featured_media":7876,"comment_status":"open","ping_status":"open","sticky":false,"template":"","format":"standard","meta":{"_monsterinsights_skip_tracking":false,"_monsterinsights_sitenote_active":false,"_monsterinsights_sitenote_note":"","_monsterinsights_sitenote_category":0,"footnotes":""},"categories":[5],"tags":[],"class_list":["post-7875","post","type-post","status-publish","format-standard","has-post-thumbnail","hentry","category-republica"],"aioseo_notices":[],"_links":{"self":[{"href":"https:\/\/azuaalinstante.com\/index.php\/wp-json\/wp\/v2\/posts\/7875","targetHints":{"allow":["GET"]}}],"collection":[{"href":"https:\/\/azuaalinstante.com\/index.php\/wp-json\/wp\/v2\/posts"}],"about":[{"href":"https:\/\/azuaalinstante.com\/index.php\/wp-json\/wp\/v2\/types\/post"}],"author":[{"embeddable":true,"href":"https:\/\/azuaalinstante.com\/index.php\/wp-json\/wp\/v2\/users\/2"}],"replies":[{"embeddable":true,"href":"https:\/\/azuaalinstante.com\/index.php\/wp-json\/wp\/v2\/comments?post=7875"}],"version-history":[{"count":1,"href":"https:\/\/azuaalinstante.com\/index.php\/wp-json\/wp\/v2\/posts\/7875\/revisions"}],"predecessor-version":[{"id":7877,"href":"https:\/\/azuaalinstante.com\/index.php\/wp-json\/wp\/v2\/posts\/7875\/revisions\/7877"}],"wp:featuredmedia":[{"embeddable":true,"href":"https:\/\/azuaalinstante.com\/index.php\/wp-json\/wp\/v2\/media\/7876"}],"wp:attachment":[{"href":"https:\/\/azuaalinstante.com\/index.php\/wp-json\/wp\/v2\/media?parent=7875"}],"wp:term":[{"taxonomy":"category","embeddable":true,"href":"https:\/\/azuaalinstante.com\/index.php\/wp-json\/wp\/v2\/categories?post=7875"},{"taxonomy":"post_tag","embeddable":true,"href":"https:\/\/azuaalinstante.com\/index.php\/wp-json\/wp\/v2\/tags?post=7875"}],"curies":[{"name":"wp","href":"https:\/\/api.w.org\/{rel}","templated":true}]}}