{"id":7878,"date":"2026-04-26T13:33:45","date_gmt":"2026-04-26T13:33:45","guid":{"rendered":"https:\/\/azuaalinstante.com\/?p=7878"},"modified":"2026-04-26T13:33:46","modified_gmt":"2026-04-26T13:33:46","slug":"lideres-comunitarios-descontentos-por-falta-de-acciones-de-la-policia-frente-a-la-delincuencia","status":"publish","type":"post","link":"https:\/\/azuaalinstante.com\/index.php\/2026\/04\/26\/lideres-comunitarios-descontentos-por-falta-de-acciones-de-la-policia-frente-a-la-delincuencia\/","title":{"rendered":"L\u00edderes comunitarios, descontentos por falta de acciones de la Polic\u00eda frente a la delincuencia"},"content":{"rendered":"\n<h2 class=\"wp-block-heading\">La denuncia de los l\u00edderes comunitarios corresponde a su preocupaci\u00f3n por la cantidad de atracos y robos que se producen en sectores como el barrio 27 de Febrero, Villa Mar\u00eda, Villa Juana, Villas Agr\u00edcolas y La Caleta.<\/h2>\n\n\n\n<ul class=\"wp-block-list\">\n<li><\/li>\n<\/ul>\n\n\n\n<figure class=\"wp-block-image\"><img decoding=\"async\" src=\"https:\/\/listindiario.com\/files\/vertical_main_image\/uploads\/2025\/11\/10\/69128f8c68c11.jpeg\" alt=\"Los moradores valoran los operativos de vigilancia, pero a\u00fan as\u00ed siguen temerosos.\"\/><figcaption class=\"wp-element-caption\">Los moradores valoran los operativos de vigilancia, pero a\u00fan as\u00ed siguen temerosos. RA\u00daL ASENCIO<\/figcaption><\/figure>\n\n\n\n<p id=\"m44027-44026-44028\">L\u00edderes comunitarios expresaron su descontento con las acciones de la&nbsp;<strong>Polic\u00eda Nacional<\/strong>&nbsp;para disminuir la&nbsp;<strong>delincuencia&nbsp;<\/strong>en distintas zonas del pa\u00eds, y llaman a ser incluidos para buscar soluciones favorables y con mayor eficacia.<\/p>\n","protected":false},"excerpt":{"rendered":"<p>La denuncia de los l\u00edderes comunitarios corresponde a su preocupaci\u00f3n por la cantidad de atracos y robos que se producen en sectores como el barrio 27 de Febrero, Villa Mar\u00eda, Villa Juana, Villas Agr\u00edcolas y La Caleta. L\u00edderes comunitarios expresaron su descontento con las acciones de la&nbsp;Polic\u00eda Nacional&nbsp;para disminuir la&nbsp;delincuencia&nbsp;en distintas zonas del pa\u00eds, y [&hellip;]<\/p>\n","protected":false},"author":2,"featured_media":7879,"comment_status":"open","ping_status":"open","sticky":false,"template":"","format":"standard","meta":{"_monsterinsights_skip_tracking":false,"_monsterinsights_sitenote_active":false,"_monsterinsights_sitenote_note":"","_monsterinsights_sitenote_category":0,"footnotes":""},"categories":[5],"tags":[],"class_list":["post-7878","post","type-post","status-publish","format-standard","has-post-thumbnail","hentry","category-republica"],"aioseo_notices":[],"_links":{"self":[{"href":"https:\/\/azuaalinstante.com\/index.php\/wp-json\/wp\/v2\/posts\/7878","targetHints":{"allow":["GET"]}}],"collection":[{"href":"https:\/\/azuaalinstante.com\/index.php\/wp-json\/wp\/v2\/posts"}],"about":[{"href":"https:\/\/azuaalinstante.com\/index.php\/wp-json\/wp\/v2\/types\/post"}],"author":[{"embeddable":true,"href":"https:\/\/azuaalinstante.com\/index.php\/wp-json\/wp\/v2\/users\/2"}],"replies":[{"embeddable":true,"href":"https:\/\/azuaalinstante.com\/index.php\/wp-json\/wp\/v2\/comments?post=7878"}],"version-history":[{"count":1,"href":"https:\/\/azuaalinstante.com\/index.php\/wp-json\/wp\/v2\/posts\/7878\/revisions"}],"predecessor-version":[{"id":7880,"href":"https:\/\/azuaalinstante.com\/index.php\/wp-json\/wp\/v2\/posts\/7878\/revisions\/7880"}],"wp:featuredmedia":[{"embeddable":true,"href":"https:\/\/azuaalinstante.com\/index.php\/wp-json\/wp\/v2\/media\/7879"}],"wp:attachment":[{"href":"https:\/\/azuaalinstante.com\/index.php\/wp-json\/wp\/v2\/media?parent=7878"}],"wp:term":[{"taxonomy":"category","embeddable":true,"href":"https:\/\/azuaalinstante.com\/index.php\/wp-json\/wp\/v2\/categories?post=7878"},{"taxonomy":"post_tag","embeddable":true,"href":"https:\/\/azuaalinstante.com\/index.php\/wp-json\/wp\/v2\/tags?post=7878"}],"curies":[{"name":"wp","href":"https:\/\/api.w.org\/{rel}","templated":true}]}}