{"id":7899,"date":"2026-04-26T13:52:42","date_gmt":"2026-04-26T13:52:42","guid":{"rendered":"https:\/\/azuaalinstante.com\/?p=7899"},"modified":"2026-04-26T13:52:43","modified_gmt":"2026-04-26T13:52:43","slug":"segun-organizaciones-no-gubernamentales-aun-quedan-477-presos-politicos-en-carceles-de-venezuela","status":"publish","type":"post","link":"https:\/\/azuaalinstante.com\/index.php\/2026\/04\/26\/segun-organizaciones-no-gubernamentales-aun-quedan-477-presos-politicos-en-carceles-de-venezuela\/","title":{"rendered":"Seg\u00fan organizaciones no gubernamentales, a\u00fan quedan 477 presos pol\u00edticos en c\u00e1rceles de Venezuela"},"content":{"rendered":"\n<h2 class=\"wp-block-heading\">En Venezuela, la ley de amnist\u00eda para los presos pol\u00edticos cumple exactamente dos meses. Fue aprobada por el Parlamento el pasado 20 de febrero. En este tiempo, cientos de detenidos han sido liberados, pero la aplicaci\u00f3n de la norma sigue siendo objeto de debate. Un repaso a dos meses de pol\u00e9micas.<br><\/h2>\n\n\n\n<ul class=\"wp-block-list\">\n<li><\/li>\n<\/ul>\n\n\n\n<figure class=\"wp-block-image\"><img decoding=\"async\" src=\"https:\/\/listindiario.com\/files\/main_image\/uploads\/2024\/12\/08\/67562bea66995.jpeg\" alt=\"C\u00e1rcel en Venezuela\"\/><figcaption class=\"wp-element-caption\">C\u00e1rcel en Venezuela Fuente externa<\/figcaption><\/figure>\n\n\n\n<p id=\"m37296-37295-37297\">Seg\u00fan informa la corresponsal de RFI en Caracas, Alice Campaignolle,<strong>&nbsp;771 detenidos han sido amnistiados en el pa\u00eds<\/strong>, en el marco de lo que la presidenta interina, Delcy Rodr\u00edguez, denomin\u00f3 un&nbsp;<strong>\u201cnuevo momento pol\u00edtico\u201d<\/strong>. Estas 771 personas ya no enfrentan ninguna condena y, por ejemplo, no est\u00e1n sujetas a controles judiciales.<\/p>\n","protected":false},"excerpt":{"rendered":"<p>En Venezuela, la ley de amnist\u00eda para los presos pol\u00edticos cumple exactamente dos meses. Fue aprobada por el Parlamento el pasado 20 de febrero. En este tiempo, cientos de detenidos han sido liberados, pero la aplicaci\u00f3n de la norma sigue siendo objeto de debate. Un repaso a dos meses de pol\u00e9micas. Seg\u00fan informa la corresponsal [&hellip;]<\/p>\n","protected":false},"author":2,"featured_media":7900,"comment_status":"open","ping_status":"open","sticky":false,"template":"","format":"standard","meta":{"_monsterinsights_skip_tracking":false,"_monsterinsights_sitenote_active":false,"_monsterinsights_sitenote_note":"","_monsterinsights_sitenote_category":0,"footnotes":""},"categories":[15],"tags":[],"class_list":["post-7899","post","type-post","status-publish","format-standard","has-post-thumbnail","hentry","category-mundiales"],"aioseo_notices":[],"_links":{"self":[{"href":"https:\/\/azuaalinstante.com\/index.php\/wp-json\/wp\/v2\/posts\/7899","targetHints":{"allow":["GET"]}}],"collection":[{"href":"https:\/\/azuaalinstante.com\/index.php\/wp-json\/wp\/v2\/posts"}],"about":[{"href":"https:\/\/azuaalinstante.com\/index.php\/wp-json\/wp\/v2\/types\/post"}],"author":[{"embeddable":true,"href":"https:\/\/azuaalinstante.com\/index.php\/wp-json\/wp\/v2\/users\/2"}],"replies":[{"embeddable":true,"href":"https:\/\/azuaalinstante.com\/index.php\/wp-json\/wp\/v2\/comments?post=7899"}],"version-history":[{"count":1,"href":"https:\/\/azuaalinstante.com\/index.php\/wp-json\/wp\/v2\/posts\/7899\/revisions"}],"predecessor-version":[{"id":7901,"href":"https:\/\/azuaalinstante.com\/index.php\/wp-json\/wp\/v2\/posts\/7899\/revisions\/7901"}],"wp:featuredmedia":[{"embeddable":true,"href":"https:\/\/azuaalinstante.com\/index.php\/wp-json\/wp\/v2\/media\/7900"}],"wp:attachment":[{"href":"https:\/\/azuaalinstante.com\/index.php\/wp-json\/wp\/v2\/media?parent=7899"}],"wp:term":[{"taxonomy":"category","embeddable":true,"href":"https:\/\/azuaalinstante.com\/index.php\/wp-json\/wp\/v2\/categories?post=7899"},{"taxonomy":"post_tag","embeddable":true,"href":"https:\/\/azuaalinstante.com\/index.php\/wp-json\/wp\/v2\/tags?post=7899"}],"curies":[{"name":"wp","href":"https:\/\/api.w.org\/{rel}","templated":true}]}}