{"id":7902,"date":"2026-04-26T13:55:13","date_gmt":"2026-04-26T13:55:13","guid":{"rendered":"https:\/\/azuaalinstante.com\/?p=7902"},"modified":"2026-04-26T13:55:14","modified_gmt":"2026-04-26T13:55:14","slug":"comunitarios-de-la-cuaba-marcharan-al-palacio-nacional-este-lunes-en-contra-de-vertedero","status":"publish","type":"post","link":"https:\/\/azuaalinstante.com\/index.php\/2026\/04\/26\/comunitarios-de-la-cuaba-marcharan-al-palacio-nacional-este-lunes-en-contra-de-vertedero\/","title":{"rendered":"Comunitarios de La Cuaba marchar\u00e1n al Palacio Nacional este lunes en contra de vertedero"},"content":{"rendered":"\n<h2 class=\"wp-block-heading\">La marcha pac\u00edfica est\u00e1 convocada para este lunes 27 de abril a las 10:00 de la ma\u00f1ana, organizada por el Movimiento no vertedero, as\u00ed como la Coordinadora Popular de Lucha Nacional.<\/h2>\n\n\n\n<ul class=\"wp-block-list\">\n<li><\/li>\n<\/ul>\n\n\n\n<figure class=\"wp-block-image\"><img decoding=\"async\" src=\"https:\/\/listindiario.com\/files\/vertical_main_image\/uploads\/2025\/12\/30\/6954784058c19.jpeg\" alt=\"Los comunitarios del sector La Cuaba advirtieron que retomar\u00e1n las protestas en el 2026.\"\/><figcaption class=\"wp-element-caption\">Los comunitarios del sector La Cuaba en protesta realizada en el distrito municipal.  LEONEL MATOS\/LD<\/figcaption><\/figure>\n\n\n\n<p id=\"m32955-32954-32956\">Comunitarios de&nbsp;<strong>La Cuaba<\/strong>&nbsp;se preparan para llevar su negativa contra la instalaci\u00f3n de un relleno sanitario hasta el Palacio Nacional.<\/p>\n","protected":false},"excerpt":{"rendered":"<p>La marcha pac\u00edfica est\u00e1 convocada para este lunes 27 de abril a las 10:00 de la ma\u00f1ana, organizada por el Movimiento no vertedero, as\u00ed como la Coordinadora Popular de Lucha Nacional. Comunitarios de&nbsp;La Cuaba&nbsp;se preparan para llevar su negativa contra la instalaci\u00f3n de un relleno sanitario hasta el Palacio Nacional.<\/p>\n","protected":false},"author":2,"featured_media":7903,"comment_status":"open","ping_status":"open","sticky":false,"template":"","format":"standard","meta":{"_monsterinsights_skip_tracking":false,"_monsterinsights_sitenote_active":false,"_monsterinsights_sitenote_note":"","_monsterinsights_sitenote_category":0,"footnotes":""},"categories":[5],"tags":[],"class_list":["post-7902","post","type-post","status-publish","format-standard","has-post-thumbnail","hentry","category-republica"],"aioseo_notices":[],"_links":{"self":[{"href":"https:\/\/azuaalinstante.com\/index.php\/wp-json\/wp\/v2\/posts\/7902","targetHints":{"allow":["GET"]}}],"collection":[{"href":"https:\/\/azuaalinstante.com\/index.php\/wp-json\/wp\/v2\/posts"}],"about":[{"href":"https:\/\/azuaalinstante.com\/index.php\/wp-json\/wp\/v2\/types\/post"}],"author":[{"embeddable":true,"href":"https:\/\/azuaalinstante.com\/index.php\/wp-json\/wp\/v2\/users\/2"}],"replies":[{"embeddable":true,"href":"https:\/\/azuaalinstante.com\/index.php\/wp-json\/wp\/v2\/comments?post=7902"}],"version-history":[{"count":1,"href":"https:\/\/azuaalinstante.com\/index.php\/wp-json\/wp\/v2\/posts\/7902\/revisions"}],"predecessor-version":[{"id":7904,"href":"https:\/\/azuaalinstante.com\/index.php\/wp-json\/wp\/v2\/posts\/7902\/revisions\/7904"}],"wp:featuredmedia":[{"embeddable":true,"href":"https:\/\/azuaalinstante.com\/index.php\/wp-json\/wp\/v2\/media\/7903"}],"wp:attachment":[{"href":"https:\/\/azuaalinstante.com\/index.php\/wp-json\/wp\/v2\/media?parent=7902"}],"wp:term":[{"taxonomy":"category","embeddable":true,"href":"https:\/\/azuaalinstante.com\/index.php\/wp-json\/wp\/v2\/categories?post=7902"},{"taxonomy":"post_tag","embeddable":true,"href":"https:\/\/azuaalinstante.com\/index.php\/wp-json\/wp\/v2\/tags?post=7902"}],"curies":[{"name":"wp","href":"https:\/\/api.w.org\/{rel}","templated":true}]}}