{"id":7911,"date":"2026-04-26T14:01:16","date_gmt":"2026-04-26T14:01:16","guid":{"rendered":"https:\/\/azuaalinstante.com\/?p=7911"},"modified":"2026-04-26T14:01:17","modified_gmt":"2026-04-26T14:01:17","slug":"raquel-arbaje-dice-esperan-por-estudio-ambiental-para-ponderar-explotacion-minera-en-san-juan","status":"publish","type":"post","link":"https:\/\/azuaalinstante.com\/index.php\/2026\/04\/26\/raquel-arbaje-dice-esperan-por-estudio-ambiental-para-ponderar-explotacion-minera-en-san-juan\/","title":{"rendered":"Raquel Arbaje dice esperan por estudio ambiental para ponderar explotaci\u00f3n minera en San Juan"},"content":{"rendered":"\n<h2 class=\"wp-block-heading\">Expres\u00f3 que todav\u00eda no se ha tomado una decisi\u00f3n, pues se espera el estudio de impacto ambiental; que, si \u201cfuese factible, se discutir\u00eda, ya que aparentemente es un t\u00fanel soterrado y, si no hay contaminaci\u00f3n en r\u00edos, se podr\u00eda ponderar\u201d.<\/h2>\n\n\n\n<ul class=\"wp-block-list\">\n<li><\/li>\n<\/ul>\n\n\n\n<figure class=\"wp-block-image\"><img decoding=\"async\" src=\"https:\/\/listindiario.com\/files\/vertical_main_image\/uploads\/2026\/03\/29\/69c995216bad3.jpeg\" alt=\"La primera dama, Raquel Arbaje, recuerd\u00f3 con anhelo y nostalgia las cualidades del fenecido.\"\/><figcaption class=\"wp-element-caption\">Archivo. La primera dama, Raquel Arbaje Leonel Matos<\/figcaption><\/figure>\n\n\n\n<p id=\"m70840-70839-70841\">En momentos en que organizaciones populares de San Juan de la Maguana llaman a un paro de labores en contra de la explotaci\u00f3n minera de oro y cobre en esa provincia, la primera dama de la Rep\u00fablica, Raquel Arbaje, expres\u00f3 que se est\u00e1 esperando el estudio de&nbsp;<strong>impacto ambiental para evaluar la factibilidad de la utilizaci\u00f3n de esos recursos.<\/strong><\/p>\n","protected":false},"excerpt":{"rendered":"<p>Expres\u00f3 que todav\u00eda no se ha tomado una decisi\u00f3n, pues se espera el estudio de impacto ambiental; que, si \u201cfuese factible, se discutir\u00eda, ya que aparentemente es un t\u00fanel soterrado y, si no hay contaminaci\u00f3n en r\u00edos, se podr\u00eda ponderar\u201d. En momentos en que organizaciones populares de San Juan de la Maguana llaman a un [&hellip;]<\/p>\n","protected":false},"author":2,"featured_media":7912,"comment_status":"open","ping_status":"open","sticky":false,"template":"","format":"standard","meta":{"_monsterinsights_skip_tracking":false,"_monsterinsights_sitenote_active":false,"_monsterinsights_sitenote_note":"","_monsterinsights_sitenote_category":0,"footnotes":""},"categories":[5],"tags":[],"class_list":["post-7911","post","type-post","status-publish","format-standard","has-post-thumbnail","hentry","category-republica"],"aioseo_notices":[],"_links":{"self":[{"href":"https:\/\/azuaalinstante.com\/index.php\/wp-json\/wp\/v2\/posts\/7911","targetHints":{"allow":["GET"]}}],"collection":[{"href":"https:\/\/azuaalinstante.com\/index.php\/wp-json\/wp\/v2\/posts"}],"about":[{"href":"https:\/\/azuaalinstante.com\/index.php\/wp-json\/wp\/v2\/types\/post"}],"author":[{"embeddable":true,"href":"https:\/\/azuaalinstante.com\/index.php\/wp-json\/wp\/v2\/users\/2"}],"replies":[{"embeddable":true,"href":"https:\/\/azuaalinstante.com\/index.php\/wp-json\/wp\/v2\/comments?post=7911"}],"version-history":[{"count":1,"href":"https:\/\/azuaalinstante.com\/index.php\/wp-json\/wp\/v2\/posts\/7911\/revisions"}],"predecessor-version":[{"id":7913,"href":"https:\/\/azuaalinstante.com\/index.php\/wp-json\/wp\/v2\/posts\/7911\/revisions\/7913"}],"wp:featuredmedia":[{"embeddable":true,"href":"https:\/\/azuaalinstante.com\/index.php\/wp-json\/wp\/v2\/media\/7912"}],"wp:attachment":[{"href":"https:\/\/azuaalinstante.com\/index.php\/wp-json\/wp\/v2\/media?parent=7911"}],"wp:term":[{"taxonomy":"category","embeddable":true,"href":"https:\/\/azuaalinstante.com\/index.php\/wp-json\/wp\/v2\/categories?post=7911"},{"taxonomy":"post_tag","embeddable":true,"href":"https:\/\/azuaalinstante.com\/index.php\/wp-json\/wp\/v2\/tags?post=7911"}],"curies":[{"name":"wp","href":"https:\/\/api.w.org\/{rel}","templated":true}]}}