{"id":7942,"date":"2026-04-27T18:42:31","date_gmt":"2026-04-27T18:42:31","guid":{"rendered":"https:\/\/azuaalinstante.com\/?p=7942"},"modified":"2026-04-27T18:42:31","modified_gmt":"2026-04-27T18:42:31","slug":"comunitarios-de-la-cuaba-protestan-frente-al-palacio-contra-instalacion-de-relleno-sanitario","status":"publish","type":"post","link":"https:\/\/azuaalinstante.com\/index.php\/2026\/04\/27\/comunitarios-de-la-cuaba-protestan-frente-al-palacio-contra-instalacion-de-relleno-sanitario\/","title":{"rendered":"Comunitarios de La Cuaba protestan frente al Palacio contra instalaci\u00f3n de relleno sanitario"},"content":{"rendered":"\n<h2 class=\"wp-block-heading\">Los manifestantes denunciaron adem\u00e1s supuestos intentos de intimidaci\u00f3n por parte de personas vinculadas a la empresa responsable del proyecto<\/h2>\n\n\n\n<ul class=\"wp-block-list\">\n<li><\/li>\n<\/ul>\n\n\n\n<figure class=\"wp-block-image\"><img decoding=\"async\" src=\"https:\/\/listindiario.com\/files\/vertical_main_image\/uploads\/2026\/04\/27\/69efa2341782a.jpeg\" alt=\"Comunitarios de la cuaba rechazan la idea de que se construlla un relleno sanitario sobre la misma comunidad.\"\/><figcaption class=\"wp-element-caption\">Comunitarios de la cuaba rechazan la idea de que se construlla un relleno sanitario sobre la misma comunidad.  Jos\u00e9 Alberto<\/figcaption><\/figure>\n\n\n\n<p id=\"m8003-8002-8004\">Residentes del Distrito Municipal&nbsp;<strong>La Cuaba<\/strong>, protestaron este lunes frente al Palacio Nacional, en rechazo a la posible instalaci\u00f3n de un<strong>&nbsp;relleno sanitario&nbsp;<\/strong>en la comunidad, lo que seg\u00fan los comunitarios producir\u00eda graves da\u00f1os ambientales, econ\u00f3micos y sociales.<\/p>\n","protected":false},"excerpt":{"rendered":"<p>Los manifestantes denunciaron adem\u00e1s supuestos intentos de intimidaci\u00f3n por parte de personas vinculadas a la empresa responsable del proyecto Residentes del Distrito Municipal&nbsp;La Cuaba, protestaron este lunes frente al Palacio Nacional, en rechazo a la posible instalaci\u00f3n de un&nbsp;relleno sanitario&nbsp;en la comunidad, lo que seg\u00fan los comunitarios producir\u00eda graves da\u00f1os ambientales, econ\u00f3micos y sociales.<\/p>\n","protected":false},"author":2,"featured_media":7943,"comment_status":"open","ping_status":"open","sticky":false,"template":"","format":"standard","meta":{"_monsterinsights_skip_tracking":false,"_monsterinsights_sitenote_active":false,"_monsterinsights_sitenote_note":"","_monsterinsights_sitenote_category":0,"footnotes":""},"categories":[5],"tags":[],"class_list":["post-7942","post","type-post","status-publish","format-standard","has-post-thumbnail","hentry","category-republica"],"aioseo_notices":[],"_links":{"self":[{"href":"https:\/\/azuaalinstante.com\/index.php\/wp-json\/wp\/v2\/posts\/7942","targetHints":{"allow":["GET"]}}],"collection":[{"href":"https:\/\/azuaalinstante.com\/index.php\/wp-json\/wp\/v2\/posts"}],"about":[{"href":"https:\/\/azuaalinstante.com\/index.php\/wp-json\/wp\/v2\/types\/post"}],"author":[{"embeddable":true,"href":"https:\/\/azuaalinstante.com\/index.php\/wp-json\/wp\/v2\/users\/2"}],"replies":[{"embeddable":true,"href":"https:\/\/azuaalinstante.com\/index.php\/wp-json\/wp\/v2\/comments?post=7942"}],"version-history":[{"count":1,"href":"https:\/\/azuaalinstante.com\/index.php\/wp-json\/wp\/v2\/posts\/7942\/revisions"}],"predecessor-version":[{"id":7944,"href":"https:\/\/azuaalinstante.com\/index.php\/wp-json\/wp\/v2\/posts\/7942\/revisions\/7944"}],"wp:featuredmedia":[{"embeddable":true,"href":"https:\/\/azuaalinstante.com\/index.php\/wp-json\/wp\/v2\/media\/7943"}],"wp:attachment":[{"href":"https:\/\/azuaalinstante.com\/index.php\/wp-json\/wp\/v2\/media?parent=7942"}],"wp:term":[{"taxonomy":"category","embeddable":true,"href":"https:\/\/azuaalinstante.com\/index.php\/wp-json\/wp\/v2\/categories?post=7942"},{"taxonomy":"post_tag","embeddable":true,"href":"https:\/\/azuaalinstante.com\/index.php\/wp-json\/wp\/v2\/tags?post=7942"}],"curies":[{"name":"wp","href":"https:\/\/api.w.org\/{rel}","templated":true}]}}