{"id":7945,"date":"2026-04-27T18:44:31","date_gmt":"2026-04-27T18:44:31","guid":{"rendered":"https:\/\/azuaalinstante.com\/?p=7945"},"modified":"2026-04-27T18:44:32","modified_gmt":"2026-04-27T18:44:32","slug":"karol-g-anade-tres-conciertos-a-su-gira-por-espana-en-2027-hasta-acumular-seis-shows","status":"publish","type":"post","link":"https:\/\/azuaalinstante.com\/index.php\/2026\/04\/27\/karol-g-anade-tres-conciertos-a-su-gira-por-espana-en-2027-hasta-acumular-seis-shows\/","title":{"rendered":"Karol G a\u00f1ade tres conciertos a su gira por Espa\u00f1a en 2027 hasta acumular seis \u2018shows\u2019"},"content":{"rendered":"\n<h2 class=\"wp-block-heading\">La artista colombiana sumar\u00e1 uno a cada una de las ciudades donde ya ten\u00eda previsto actuar: el 4 de junio en el Estadi Ol\u00edmpic Llu\u00eds Companys de Barcelona (que se a\u00f1ade al del d\u00eda 3), el 12 de junio en el Estadio La Cartuja de Sevilla (adem\u00e1s del 11) y el 25 de junio en el Estadio Metropolitano de Madrid (que completa al del 24).<\/h2>\n\n\n\n<ul class=\"wp-block-list\">\n<li><\/li>\n<\/ul>\n\n\n\n<figure class=\"wp-block-image\"><img decoding=\"async\" src=\"https:\/\/listindiario.com\/files\/vertical_main_image\/uploads\/2026\/04\/27\/69efa24b10327.jpeg\" alt=\"Karol G durante su actuaci\u00f3n en el festival Coachella, el 19 de abril de 2026.\"\/><figcaption class=\"wp-element-caption\">Karol G durante su actuaci\u00f3n en el festival Coachella, el 19 de abril de 2026. Foto: Instagram<\/figcaption><\/figure>\n\n\n\n<p id=\"m3195-3194-3196\"><strong>Karol G<\/strong>&nbsp;ofrecer\u00e1 tres conciertos m\u00e1s durante su gira por Espa\u00f1a en 2027 respecto de los que hab\u00eda anunciado inicialmente, acumulando un total de seis, seg\u00fan ha anunciado este lunes la promotora Live Nation.<\/p>\n","protected":false},"excerpt":{"rendered":"<p>La artista colombiana sumar\u00e1 uno a cada una de las ciudades donde ya ten\u00eda previsto actuar: el 4 de junio en el Estadi Ol\u00edmpic Llu\u00eds Companys de Barcelona (que se a\u00f1ade al del d\u00eda 3), el 12 de junio en el Estadio La Cartuja de Sevilla (adem\u00e1s del 11) y el 25 de junio en [&hellip;]<\/p>\n","protected":false},"author":2,"featured_media":7946,"comment_status":"open","ping_status":"open","sticky":false,"template":"","format":"standard","meta":{"_monsterinsights_skip_tracking":false,"_monsterinsights_sitenote_active":false,"_monsterinsights_sitenote_note":"","_monsterinsights_sitenote_category":0,"footnotes":""},"categories":[22],"tags":[],"class_list":["post-7945","post","type-post","status-publish","format-standard","has-post-thumbnail","hentry","category-entretenimiento"],"aioseo_notices":[],"_links":{"self":[{"href":"https:\/\/azuaalinstante.com\/index.php\/wp-json\/wp\/v2\/posts\/7945","targetHints":{"allow":["GET"]}}],"collection":[{"href":"https:\/\/azuaalinstante.com\/index.php\/wp-json\/wp\/v2\/posts"}],"about":[{"href":"https:\/\/azuaalinstante.com\/index.php\/wp-json\/wp\/v2\/types\/post"}],"author":[{"embeddable":true,"href":"https:\/\/azuaalinstante.com\/index.php\/wp-json\/wp\/v2\/users\/2"}],"replies":[{"embeddable":true,"href":"https:\/\/azuaalinstante.com\/index.php\/wp-json\/wp\/v2\/comments?post=7945"}],"version-history":[{"count":1,"href":"https:\/\/azuaalinstante.com\/index.php\/wp-json\/wp\/v2\/posts\/7945\/revisions"}],"predecessor-version":[{"id":7947,"href":"https:\/\/azuaalinstante.com\/index.php\/wp-json\/wp\/v2\/posts\/7945\/revisions\/7947"}],"wp:featuredmedia":[{"embeddable":true,"href":"https:\/\/azuaalinstante.com\/index.php\/wp-json\/wp\/v2\/media\/7946"}],"wp:attachment":[{"href":"https:\/\/azuaalinstante.com\/index.php\/wp-json\/wp\/v2\/media?parent=7945"}],"wp:term":[{"taxonomy":"category","embeddable":true,"href":"https:\/\/azuaalinstante.com\/index.php\/wp-json\/wp\/v2\/categories?post=7945"},{"taxonomy":"post_tag","embeddable":true,"href":"https:\/\/azuaalinstante.com\/index.php\/wp-json\/wp\/v2\/tags?post=7945"}],"curies":[{"name":"wp","href":"https:\/\/api.w.org\/{rel}","templated":true}]}}