{"id":7957,"date":"2026-04-27T18:53:16","date_gmt":"2026-04-27T18:53:16","guid":{"rendered":"https:\/\/azuaalinstante.com\/?p=7957"},"modified":"2026-04-27T18:53:16","modified_gmt":"2026-04-27T18:53:16","slug":"envian-a-prision-a-el-locon-break-por-muerte-de-su-hija-de-un-ano-en-los-girasoles","status":"publish","type":"post","link":"https:\/\/azuaalinstante.com\/index.php\/2026\/04\/27\/envian-a-prision-a-el-locon-break-por-muerte-de-su-hija-de-un-ano-en-los-girasoles\/","title":{"rendered":"Env\u00edan a prisi\u00f3n a \"El Loc\u00f3n Break\" por muerte de su hija de un a\u00f1o en Los Girasoles"},"content":{"rendered":"\n<h2 class=\"wp-block-heading\">La magistrada dispuso que el imputado cumpla la medida en el Centro de Correcci\u00f3n y Rehabilitaci\u00f3n Najayo-Hombres, mientras el Ministerio P\u00fablico concluye las investigaciones sobre el tr\u00e1gico suceso.<\/h2>\n\n\n\n<ul class=\"wp-block-list\">\n<li><\/li>\n<\/ul>\n\n\n\n<figure class=\"wp-block-image\"><img decoding=\"async\" src=\"https:\/\/listindiario.com\/files\/vertical_main_image\/uploads\/2024\/08\/15\/66bea0223ae44.jpeg\" alt=\"Fachada frontal del CCR del Centro de Correcci\u00f3n y Rehabilitaci\u00f3n  Najayo-Hombres, en San Crist\u00f3bal.\"\/><figcaption class=\"wp-element-caption\">Fachada frontal del CCR del Centro de Correcci\u00f3n y Rehabilitaci\u00f3n Najayo-Hombres, en San Crist\u00f3bal<\/figcaption><\/figure>\n\n\n\n<p id=\"m60803-60802-60804\">La jueza del&nbsp;<strong>juzgado de Atenci\u00f3n Permanente del Distrito Nacional,<\/strong>&nbsp;Lissa Veras Rivas, impuso tres meses de prisi\u00f3n preventiva contra Rosi Alfredo Mota Almonte, conocido como \u201cEl Loc\u00f3n Break\u201d o \u201cFreddy\u201d, acusado de provocar la muerte de su hija, una infante de apenas un a\u00f1o y tres meses de edad.<\/p>\n","protected":false},"excerpt":{"rendered":"<p>La magistrada dispuso que el imputado cumpla la medida en el Centro de Correcci\u00f3n y Rehabilitaci\u00f3n Najayo-Hombres, mientras el Ministerio P\u00fablico concluye las investigaciones sobre el tr\u00e1gico suceso. La jueza del&nbsp;juzgado de Atenci\u00f3n Permanente del Distrito Nacional,&nbsp;Lissa Veras Rivas, impuso tres meses de prisi\u00f3n preventiva contra Rosi Alfredo Mota Almonte, conocido como \u201cEl Loc\u00f3n Break\u201d [&hellip;]<\/p>\n","protected":false},"author":2,"featured_media":7958,"comment_status":"open","ping_status":"open","sticky":false,"template":"","format":"standard","meta":{"_monsterinsights_skip_tracking":false,"_monsterinsights_sitenote_active":false,"_monsterinsights_sitenote_note":"","_monsterinsights_sitenote_category":0,"footnotes":""},"categories":[5],"tags":[],"class_list":["post-7957","post","type-post","status-publish","format-standard","has-post-thumbnail","hentry","category-republica"],"aioseo_notices":[],"_links":{"self":[{"href":"https:\/\/azuaalinstante.com\/index.php\/wp-json\/wp\/v2\/posts\/7957","targetHints":{"allow":["GET"]}}],"collection":[{"href":"https:\/\/azuaalinstante.com\/index.php\/wp-json\/wp\/v2\/posts"}],"about":[{"href":"https:\/\/azuaalinstante.com\/index.php\/wp-json\/wp\/v2\/types\/post"}],"author":[{"embeddable":true,"href":"https:\/\/azuaalinstante.com\/index.php\/wp-json\/wp\/v2\/users\/2"}],"replies":[{"embeddable":true,"href":"https:\/\/azuaalinstante.com\/index.php\/wp-json\/wp\/v2\/comments?post=7957"}],"version-history":[{"count":1,"href":"https:\/\/azuaalinstante.com\/index.php\/wp-json\/wp\/v2\/posts\/7957\/revisions"}],"predecessor-version":[{"id":7959,"href":"https:\/\/azuaalinstante.com\/index.php\/wp-json\/wp\/v2\/posts\/7957\/revisions\/7959"}],"wp:featuredmedia":[{"embeddable":true,"href":"https:\/\/azuaalinstante.com\/index.php\/wp-json\/wp\/v2\/media\/7958"}],"wp:attachment":[{"href":"https:\/\/azuaalinstante.com\/index.php\/wp-json\/wp\/v2\/media?parent=7957"}],"wp:term":[{"taxonomy":"category","embeddable":true,"href":"https:\/\/azuaalinstante.com\/index.php\/wp-json\/wp\/v2\/categories?post=7957"},{"taxonomy":"post_tag","embeddable":true,"href":"https:\/\/azuaalinstante.com\/index.php\/wp-json\/wp\/v2\/tags?post=7957"}],"curies":[{"name":"wp","href":"https:\/\/api.w.org\/{rel}","templated":true}]}}