{"id":7963,"date":"2026-04-27T18:57:15","date_gmt":"2026-04-27T18:57:15","guid":{"rendered":"https:\/\/azuaalinstante.com\/?p=7963"},"modified":"2026-04-27T18:57:16","modified_gmt":"2026-04-27T18:57:16","slug":"hans-lluveres-la-historia-del-exoficial-que-se-escapo-de-la-justicia-y-se-habria-suicidado-en-carcel","status":"publish","type":"post","link":"https:\/\/azuaalinstante.com\/index.php\/2026\/04\/27\/hans-lluveres-la-historia-del-exoficial-que-se-escapo-de-la-justicia-y-se-habria-suicidado-en-carcel\/","title":{"rendered":"Hans Lluveres: La historia del exoficial que se escap\u00f3 de la justicia y se habr\u00eda suicidado en c\u00e1rcel"},"content":{"rendered":"\n<h2 class=\"wp-block-heading\">El informe se\u00f1ala que el papel de Lluberes S\u00e1nchez era pagar a aquellos que facilitaron el tr\u00e1fico de la droga. Este hombre se encontraba en las afueras del aeropuerto y, al percatarse de la intervenci\u00f3n de la DNCD y los arrestos, huy\u00f3 del lugar.<\/h2>\n\n\n\n<ul class=\"wp-block-list\">\n<li><\/li>\n<\/ul>\n\n\n\n<figure class=\"wp-block-image\"><img decoding=\"async\" src=\"https:\/\/listindiario.com\/files\/vertical_main_image\/files\/fp\/uploads\/2026\/04\/27\/69ef534df20a7.r_d.49-96.jpeg\" alt=\"Imagen de Hans Wender Lluberes S\u00e1nchez cuando fue deportado de Estados Unidos en octubre de 2025.\"\/><figcaption class=\"wp-element-caption\">Imagen de Hans Wender Lluberes S\u00e1nchez cuando fue deportado de Estados Unidos en octubre de 2025.<\/figcaption><\/figure>\n\n\n\n<p id=\"m280-279-281\">El martes 17 de marzo de 2015, la Direcci\u00f3n Nacional de Control de Drogas (DNCD), conjuntamente con el Ministerio P\u00fablico, incaut\u00f3 en el&nbsp;<strong>Aeropuerto Internacional de Las Am\u00e9ricas<\/strong>&nbsp;nueve maletas que en su interior conten\u00edan 450 paquetes de coca\u00edna.<\/p>\n","protected":false},"excerpt":{"rendered":"<p>El informe se\u00f1ala que el papel de Lluberes S\u00e1nchez era pagar a aquellos que facilitaron el tr\u00e1fico de la droga. Este hombre se encontraba en las afueras del aeropuerto y, al percatarse de la intervenci\u00f3n de la DNCD y los arrestos, huy\u00f3 del lugar. El martes 17 de marzo de 2015, la Direcci\u00f3n Nacional de [&hellip;]<\/p>\n","protected":false},"author":2,"featured_media":7964,"comment_status":"open","ping_status":"open","sticky":false,"template":"","format":"standard","meta":{"_monsterinsights_skip_tracking":false,"_monsterinsights_sitenote_active":false,"_monsterinsights_sitenote_note":"","_monsterinsights_sitenote_category":0,"footnotes":""},"categories":[5],"tags":[],"class_list":["post-7963","post","type-post","status-publish","format-standard","has-post-thumbnail","hentry","category-republica"],"aioseo_notices":[],"_links":{"self":[{"href":"https:\/\/azuaalinstante.com\/index.php\/wp-json\/wp\/v2\/posts\/7963","targetHints":{"allow":["GET"]}}],"collection":[{"href":"https:\/\/azuaalinstante.com\/index.php\/wp-json\/wp\/v2\/posts"}],"about":[{"href":"https:\/\/azuaalinstante.com\/index.php\/wp-json\/wp\/v2\/types\/post"}],"author":[{"embeddable":true,"href":"https:\/\/azuaalinstante.com\/index.php\/wp-json\/wp\/v2\/users\/2"}],"replies":[{"embeddable":true,"href":"https:\/\/azuaalinstante.com\/index.php\/wp-json\/wp\/v2\/comments?post=7963"}],"version-history":[{"count":1,"href":"https:\/\/azuaalinstante.com\/index.php\/wp-json\/wp\/v2\/posts\/7963\/revisions"}],"predecessor-version":[{"id":7965,"href":"https:\/\/azuaalinstante.com\/index.php\/wp-json\/wp\/v2\/posts\/7963\/revisions\/7965"}],"wp:featuredmedia":[{"embeddable":true,"href":"https:\/\/azuaalinstante.com\/index.php\/wp-json\/wp\/v2\/media\/7964"}],"wp:attachment":[{"href":"https:\/\/azuaalinstante.com\/index.php\/wp-json\/wp\/v2\/media?parent=7963"}],"wp:term":[{"taxonomy":"category","embeddable":true,"href":"https:\/\/azuaalinstante.com\/index.php\/wp-json\/wp\/v2\/categories?post=7963"},{"taxonomy":"post_tag","embeddable":true,"href":"https:\/\/azuaalinstante.com\/index.php\/wp-json\/wp\/v2\/tags?post=7963"}],"curies":[{"name":"wp","href":"https:\/\/api.w.org\/{rel}","templated":true}]}}