{"id":7966,"date":"2026-04-27T19:00:39","date_gmt":"2026-04-27T19:00:39","guid":{"rendered":"https:\/\/azuaalinstante.com\/?p=7966"},"modified":"2026-04-27T19:01:44","modified_gmt":"2026-04-27T19:01:44","slug":"los-fiscales-abiertos-a-cambiar-calificacion-juridica-del-caso-jet-set","status":"publish","type":"post","link":"https:\/\/azuaalinstante.com\/index.php\/2026\/04\/27\/los-fiscales-abiertos-a-cambiar-calificacion-juridica-del-caso-jet-set\/","title":{"rendered":"Los fiscales, abiertos a cambiar calificaci\u00f3n jur\u00eddica del caso Jet Set"},"content":{"rendered":"\n<h2 class=\"wp-block-heading\">El fiscal Enmanuel Ram\u00edrez sostuvo que si durante el interrogatorio a Gregory Adames salen a relucir datos que alteren la narrativa f\u00e1ctica presentada inicialmente, el \u00f3rgano persecutor est\u00e1 en la disposici\u00f3n de realizar los ajustes pertinentes<\/h2>\n\n\n\n<ul class=\"wp-block-list\">\n<li><\/li>\n<\/ul>\n\n\n\n<figure class=\"wp-block-image\"><img decoding=\"async\" src=\"https:\/\/listindiario.com\/files\/vertical_main_image\/files\/fp\/uploads\/2026\/04\/06\/69d3c8d23a990.r_d.229-466.png\" alt=\"El juez Raymundo Mej\u00eda que lleva el caso del Jet Set en contra de los hermanos Espiallat, propietarios de la discoteca colapsada el 8 de abril de 2025.\"\/><figcaption class=\"wp-element-caption\">El juez Raymundo Mej\u00eda que lleva el caso del Jet Set en contra de los hermanos Espiallat, propietarios de la discoteca colapsada el 8 de abril de 2025.captura de video<\/figcaption><\/figure>\n\n\n\n<p id=\"m101952-101951-101953\">El\u00a0manifest\u00f3 este lunes que el \u00f3rgano acusador no se opone a la comparecencia y posterior interrogatorio de<strong>\u00a0Gregory Adames<\/strong>, testigo clave se\u00f1alando que los elementos que surjan de dicha\u00a0<strong>declaraci\u00f3n podr\u00edan motivar un cambio en la tipificaci\u00f3n<\/strong>\u00a0legal del proceso.<\/p>\n","protected":false},"excerpt":{"rendered":"<p>El fiscal Enmanuel Ram\u00edrez sostuvo que si durante el interrogatorio a Gregory Adames salen a relucir datos que alteren la narrativa f\u00e1ctica presentada inicialmente, el \u00f3rgano persecutor est\u00e1 en la disposici\u00f3n de realizar los ajustes pertinentes El\u00a0manifest\u00f3 este lunes que el \u00f3rgano acusador no se opone a la comparecencia y posterior interrogatorio de\u00a0Gregory Adames, testigo [&hellip;]<\/p>\n","protected":false},"author":2,"featured_media":7967,"comment_status":"open","ping_status":"open","sticky":false,"template":"","format":"standard","meta":{"_monsterinsights_skip_tracking":false,"_monsterinsights_sitenote_active":false,"_monsterinsights_sitenote_note":"","_monsterinsights_sitenote_category":0,"footnotes":""},"categories":[5],"tags":[],"class_list":["post-7966","post","type-post","status-publish","format-standard","has-post-thumbnail","hentry","category-republica"],"aioseo_notices":[],"_links":{"self":[{"href":"https:\/\/azuaalinstante.com\/index.php\/wp-json\/wp\/v2\/posts\/7966","targetHints":{"allow":["GET"]}}],"collection":[{"href":"https:\/\/azuaalinstante.com\/index.php\/wp-json\/wp\/v2\/posts"}],"about":[{"href":"https:\/\/azuaalinstante.com\/index.php\/wp-json\/wp\/v2\/types\/post"}],"author":[{"embeddable":true,"href":"https:\/\/azuaalinstante.com\/index.php\/wp-json\/wp\/v2\/users\/2"}],"replies":[{"embeddable":true,"href":"https:\/\/azuaalinstante.com\/index.php\/wp-json\/wp\/v2\/comments?post=7966"}],"version-history":[{"count":1,"href":"https:\/\/azuaalinstante.com\/index.php\/wp-json\/wp\/v2\/posts\/7966\/revisions"}],"predecessor-version":[{"id":7968,"href":"https:\/\/azuaalinstante.com\/index.php\/wp-json\/wp\/v2\/posts\/7966\/revisions\/7968"}],"wp:featuredmedia":[{"embeddable":true,"href":"https:\/\/azuaalinstante.com\/index.php\/wp-json\/wp\/v2\/media\/7967"}],"wp:attachment":[{"href":"https:\/\/azuaalinstante.com\/index.php\/wp-json\/wp\/v2\/media?parent=7966"}],"wp:term":[{"taxonomy":"category","embeddable":true,"href":"https:\/\/azuaalinstante.com\/index.php\/wp-json\/wp\/v2\/categories?post=7966"},{"taxonomy":"post_tag","embeddable":true,"href":"https:\/\/azuaalinstante.com\/index.php\/wp-json\/wp\/v2\/tags?post=7966"}],"curies":[{"name":"wp","href":"https:\/\/api.w.org\/{rel}","templated":true}]}}