{"id":7972,"date":"2026-04-27T19:05:16","date_gmt":"2026-04-27T19:05:16","guid":{"rendered":"https:\/\/azuaalinstante.com\/?p=7972"},"modified":"2026-04-27T19:05:37","modified_gmt":"2026-04-27T19:05:37","slug":"aeronave-belga-fue-atacada-a-tiros-cuando-transportaba-soldados-a-haiti-militares-aterrizaron-en-rd","status":"publish","type":"post","link":"https:\/\/azuaalinstante.com\/index.php\/2026\/04\/27\/aeronave-belga-fue-atacada-a-tiros-cuando-transportaba-soldados-a-haiti-militares-aterrizaron-en-rd\/","title":{"rendered":"Aeronave belga fue atacada a tiros cuando transportaba soldados a Hait\u00ed; militares aterrizaron en RD"},"content":{"rendered":"\n<h2 class=\"wp-block-heading\">Medios de prensa de ese pa\u00eds se\u00f1alan que el avi\u00f3n sali\u00f3 desde Chad, pa\u00eds ubicado en \u00c1frica Central, aterriz\u00f3 en Rep\u00fablica Dominicana y luego sali\u00f3 hacia Puerto Pr\u00edncipe a dejar los soldados.<\/h2>\n\n\n\n<ul class=\"wp-block-list\">\n<li><\/li>\n<\/ul>\n\n\n\n<figure class=\"wp-block-image\"><img decoding=\"async\" src=\"https:\/\/listindiario.com\/files\/vertical_main_image\/uploads\/2026\/04\/27\/69ef94ceed499.png\" alt=\"El avi\u00f3n transportaba 80 soldados de ese pa\u00eds que forman parte de la Fuerza de Supresi\u00f3n de Pandillas creada por las Naciones Unidas.\"\/><figcaption class=\"wp-element-caption\">El avi\u00f3n transportaba 80 soldados de ese pa\u00eds que forman parte de la Fuerza de Supresi\u00f3n de Pandillas creada por las Naciones Unidas.  FL360aero<\/figcaption><\/figure>\n\n\n\n<p id=\"m10199-10198-10200\">El pasado 25 de abril, el ministro de Defensa y Comercio Exterior de B\u00e9lgica, Theo Francken, escribi\u00f3 en una publicaci\u00f3n de su cuenta de X que un avi\u00f3n de su pa\u00eds fue atacado a tiros, sin especificar lugar y d\u00eda exacto de la situaci\u00f3n.<\/p>\n","protected":false},"excerpt":{"rendered":"<p>Medios de prensa de ese pa\u00eds se\u00f1alan que el avi\u00f3n sali\u00f3 desde Chad, pa\u00eds ubicado en \u00c1frica Central, aterriz\u00f3 en Rep\u00fablica Dominicana y luego sali\u00f3 hacia Puerto Pr\u00edncipe a dejar los soldados. El pasado 25 de abril, el ministro de Defensa y Comercio Exterior de B\u00e9lgica, Theo Francken, escribi\u00f3 en una publicaci\u00f3n de su cuenta [&hellip;]<\/p>\n","protected":false},"author":2,"featured_media":7973,"comment_status":"open","ping_status":"open","sticky":false,"template":"","format":"standard","meta":{"_monsterinsights_skip_tracking":false,"_monsterinsights_sitenote_active":false,"_monsterinsights_sitenote_note":"","_monsterinsights_sitenote_category":0,"footnotes":""},"categories":[5],"tags":[],"class_list":["post-7972","post","type-post","status-publish","format-standard","has-post-thumbnail","hentry","category-republica"],"aioseo_notices":[],"_links":{"self":[{"href":"https:\/\/azuaalinstante.com\/index.php\/wp-json\/wp\/v2\/posts\/7972","targetHints":{"allow":["GET"]}}],"collection":[{"href":"https:\/\/azuaalinstante.com\/index.php\/wp-json\/wp\/v2\/posts"}],"about":[{"href":"https:\/\/azuaalinstante.com\/index.php\/wp-json\/wp\/v2\/types\/post"}],"author":[{"embeddable":true,"href":"https:\/\/azuaalinstante.com\/index.php\/wp-json\/wp\/v2\/users\/2"}],"replies":[{"embeddable":true,"href":"https:\/\/azuaalinstante.com\/index.php\/wp-json\/wp\/v2\/comments?post=7972"}],"version-history":[{"count":1,"href":"https:\/\/azuaalinstante.com\/index.php\/wp-json\/wp\/v2\/posts\/7972\/revisions"}],"predecessor-version":[{"id":7974,"href":"https:\/\/azuaalinstante.com\/index.php\/wp-json\/wp\/v2\/posts\/7972\/revisions\/7974"}],"wp:featuredmedia":[{"embeddable":true,"href":"https:\/\/azuaalinstante.com\/index.php\/wp-json\/wp\/v2\/media\/7973"}],"wp:attachment":[{"href":"https:\/\/azuaalinstante.com\/index.php\/wp-json\/wp\/v2\/media?parent=7972"}],"wp:term":[{"taxonomy":"category","embeddable":true,"href":"https:\/\/azuaalinstante.com\/index.php\/wp-json\/wp\/v2\/categories?post=7972"},{"taxonomy":"post_tag","embeddable":true,"href":"https:\/\/azuaalinstante.com\/index.php\/wp-json\/wp\/v2\/tags?post=7972"}],"curies":[{"name":"wp","href":"https:\/\/api.w.org\/{rel}","templated":true}]}}