{"id":7985,"date":"2026-04-27T19:49:01","date_gmt":"2026-04-27T19:49:01","guid":{"rendered":"https:\/\/azuaalinstante.com\/?p=7985"},"modified":"2026-04-27T19:49:02","modified_gmt":"2026-04-27T19:49:02","slug":"taylor-swift-busca-registrar-su-voz-como-marca-comercial-por-la-revolucion-de-la-ia","status":"publish","type":"post","link":"https:\/\/azuaalinstante.com\/index.php\/2026\/04\/27\/taylor-swift-busca-registrar-su-voz-como-marca-comercial-por-la-revolucion-de-la-ia\/","title":{"rendered":"Taylor Swift busca registrar su voz como marca comercial por la revoluci\u00f3n de la IA"},"content":{"rendered":"\n<h2 class=\"wp-block-heading\">Esta iniciativa es similar a la tomada por el actor Matthew McConaughey a comienzos de a\u00f1o, ante el surgimiento de contenido generado con inteligencia artificial (IA).<\/h2>\n\n\n\n<ul class=\"wp-block-list\">\n<li><\/li>\n<\/ul>\n\n\n\n<figure class=\"wp-block-image\"><img decoding=\"async\" src=\"https:\/\/listindiario.com\/files\/vertical_main_image\/files\/fp\/uploads\/2025\/05\/30\/6839dfc2467ac.r_d.1488-772.jpeg\" alt=\"Taylor Swift durante un concierto en el Estadio Wembley como parte de la gira The Eras Tour, el 21 de junio de 2024, en Londres. (Foto por Scott A.\/Invision\/AP, Archivo)\"\/><figcaption class=\"wp-element-caption\">Taylor Swift durante un concierto en el Estadio Wembley como parte de la gira The Eras Tour.Scott A Garfitt-AP<\/figcaption><\/figure>\n\n\n\n<p id=\"m134777-134776-134778\">Taylor Swift present\u00f3 solicitudes ante la Oficina de Patentes y Marcas Registradas de Estados Unidos (<strong>USPTO, en ingl\u00e9s<\/strong>) para registrar su voz como una marca comercial.<\/p>\n","protected":false},"excerpt":{"rendered":"<p>Esta iniciativa es similar a la tomada por el actor Matthew McConaughey a comienzos de a\u00f1o, ante el surgimiento de contenido generado con inteligencia artificial (IA). Taylor Swift present\u00f3 solicitudes ante la Oficina de Patentes y Marcas Registradas de Estados Unidos (USPTO, en ingl\u00e9s) para registrar su voz como una marca comercial.<\/p>\n","protected":false},"author":2,"featured_media":7986,"comment_status":"open","ping_status":"open","sticky":false,"template":"","format":"standard","meta":{"_monsterinsights_skip_tracking":false,"_monsterinsights_sitenote_active":false,"_monsterinsights_sitenote_note":"","_monsterinsights_sitenote_category":0,"footnotes":""},"categories":[22],"tags":[],"class_list":["post-7985","post","type-post","status-publish","format-standard","has-post-thumbnail","hentry","category-entretenimiento"],"aioseo_notices":[],"_links":{"self":[{"href":"https:\/\/azuaalinstante.com\/index.php\/wp-json\/wp\/v2\/posts\/7985","targetHints":{"allow":["GET"]}}],"collection":[{"href":"https:\/\/azuaalinstante.com\/index.php\/wp-json\/wp\/v2\/posts"}],"about":[{"href":"https:\/\/azuaalinstante.com\/index.php\/wp-json\/wp\/v2\/types\/post"}],"author":[{"embeddable":true,"href":"https:\/\/azuaalinstante.com\/index.php\/wp-json\/wp\/v2\/users\/2"}],"replies":[{"embeddable":true,"href":"https:\/\/azuaalinstante.com\/index.php\/wp-json\/wp\/v2\/comments?post=7985"}],"version-history":[{"count":1,"href":"https:\/\/azuaalinstante.com\/index.php\/wp-json\/wp\/v2\/posts\/7985\/revisions"}],"predecessor-version":[{"id":7987,"href":"https:\/\/azuaalinstante.com\/index.php\/wp-json\/wp\/v2\/posts\/7985\/revisions\/7987"}],"wp:featuredmedia":[{"embeddable":true,"href":"https:\/\/azuaalinstante.com\/index.php\/wp-json\/wp\/v2\/media\/7986"}],"wp:attachment":[{"href":"https:\/\/azuaalinstante.com\/index.php\/wp-json\/wp\/v2\/media?parent=7985"}],"wp:term":[{"taxonomy":"category","embeddable":true,"href":"https:\/\/azuaalinstante.com\/index.php\/wp-json\/wp\/v2\/categories?post=7985"},{"taxonomy":"post_tag","embeddable":true,"href":"https:\/\/azuaalinstante.com\/index.php\/wp-json\/wp\/v2\/tags?post=7985"}],"curies":[{"name":"wp","href":"https:\/\/api.w.org\/{rel}","templated":true}]}}