{"id":8042,"date":"2026-04-28T13:32:54","date_gmt":"2026-04-28T13:32:54","guid":{"rendered":"https:\/\/azuaalinstante.com\/?p=8042"},"modified":"2026-04-28T13:33:16","modified_gmt":"2026-04-28T13:33:16","slug":"autoridades-articulan-plan-para-frenar-el-caos-en-las-vias-publicas","status":"publish","type":"post","link":"https:\/\/azuaalinstante.com\/index.php\/2026\/04\/28\/autoridades-articulan-plan-para-frenar-el-caos-en-las-vias-publicas\/","title":{"rendered":"Autoridades articulan plan para frenar el caos en las v\u00edas p\u00fablicas"},"content":{"rendered":"\n<h2 class=\"wp-block-heading\">De acuerdo a declaraciones emitidas por la ministra Faride Raful en sus redes sociales, los trabajos constaron en diagn\u00f3stico, levantamiento de brechas y una hoja de ruta con metas medibles.<\/h2>\n\n\n\n<ul class=\"wp-block-list\">\n<li><\/li>\n<\/ul>\n\n\n\n<figure class=\"wp-block-image\"><img decoding=\"async\" src=\"https:\/\/listindiario.com\/files\/vertical_main_image\/uploads\/2026\/04\/27\/69f00b220e0f0.jpeg\" alt=\"Momento del desarrollo ayer de la mesa de trabajo que ten\u00eda de prop\u00f3sito avanzar en un plan de acci\u00f3n integral orientado al ordenamiento del tr\u00e1nsito y la seguridad vial.\"\/><figcaption class=\"wp-element-caption\">Momento del desarrollo ayer de la mesa de trabajo que ten\u00eda de prop\u00f3sito avanzar en un plan de acci\u00f3n integral orientado al ordenamiento del tr\u00e1nsito y la seguridad vial.<\/figcaption><\/figure>\n\n\n\n<p>Santo Domingo, RD<\/p>\n\n\n\n<p id=\"m82087-82086-82088\">La ministra de Interior y Polic\u00eda, Faride Raful, encabez\u00f3 ayer junto a varias autoridades una mesa de trabajo con el prop\u00f3sito de avanzar en un plan de acci\u00f3n integral orientado al ordenamiento del tr\u00e1nsito y la seguridad vial.<\/p>\n","protected":false},"excerpt":{"rendered":"<p>De acuerdo a declaraciones emitidas por la ministra Faride Raful en sus redes sociales, los trabajos constaron en diagn\u00f3stico, levantamiento de brechas y una hoja de ruta con metas medibles. Santo Domingo, RD La ministra de Interior y Polic\u00eda, Faride Raful, encabez\u00f3 ayer junto a varias autoridades una mesa de trabajo con el prop\u00f3sito de [&hellip;]<\/p>\n","protected":false},"author":2,"featured_media":8043,"comment_status":"open","ping_status":"open","sticky":false,"template":"","format":"standard","meta":{"_monsterinsights_skip_tracking":false,"_monsterinsights_sitenote_active":false,"_monsterinsights_sitenote_note":"","_monsterinsights_sitenote_category":0,"footnotes":""},"categories":[5],"tags":[],"class_list":["post-8042","post","type-post","status-publish","format-standard","has-post-thumbnail","hentry","category-republica"],"aioseo_notices":[],"_links":{"self":[{"href":"https:\/\/azuaalinstante.com\/index.php\/wp-json\/wp\/v2\/posts\/8042","targetHints":{"allow":["GET"]}}],"collection":[{"href":"https:\/\/azuaalinstante.com\/index.php\/wp-json\/wp\/v2\/posts"}],"about":[{"href":"https:\/\/azuaalinstante.com\/index.php\/wp-json\/wp\/v2\/types\/post"}],"author":[{"embeddable":true,"href":"https:\/\/azuaalinstante.com\/index.php\/wp-json\/wp\/v2\/users\/2"}],"replies":[{"embeddable":true,"href":"https:\/\/azuaalinstante.com\/index.php\/wp-json\/wp\/v2\/comments?post=8042"}],"version-history":[{"count":1,"href":"https:\/\/azuaalinstante.com\/index.php\/wp-json\/wp\/v2\/posts\/8042\/revisions"}],"predecessor-version":[{"id":8044,"href":"https:\/\/azuaalinstante.com\/index.php\/wp-json\/wp\/v2\/posts\/8042\/revisions\/8044"}],"wp:featuredmedia":[{"embeddable":true,"href":"https:\/\/azuaalinstante.com\/index.php\/wp-json\/wp\/v2\/media\/8043"}],"wp:attachment":[{"href":"https:\/\/azuaalinstante.com\/index.php\/wp-json\/wp\/v2\/media?parent=8042"}],"wp:term":[{"taxonomy":"category","embeddable":true,"href":"https:\/\/azuaalinstante.com\/index.php\/wp-json\/wp\/v2\/categories?post=8042"},{"taxonomy":"post_tag","embeddable":true,"href":"https:\/\/azuaalinstante.com\/index.php\/wp-json\/wp\/v2\/tags?post=8042"}],"curies":[{"name":"wp","href":"https:\/\/api.w.org\/{rel}","templated":true}]}}