{"id":8082,"date":"2026-04-28T14:24:18","date_gmt":"2026-04-28T14:24:18","guid":{"rendered":"https:\/\/azuaalinstante.com\/?p=8082"},"modified":"2026-04-28T14:24:19","modified_gmt":"2026-04-28T14:24:19","slug":"joven-acusado-de-planear-atentado-en-concierto-de-taylor-swift-se-declara-culpable-por-terrorismo","status":"publish","type":"post","link":"https:\/\/azuaalinstante.com\/index.php\/2026\/04\/28\/joven-acusado-de-planear-atentado-en-concierto-de-taylor-swift-se-declara-culpable-por-terrorismo\/","title":{"rendered":"Joven acusado de planear atentado en concierto de Taylor Swift se declara culpable por terrorismo"},"content":{"rendered":"\n<h2 class=\"wp-block-heading\">El principal acusado, identificado como Beran A., ha admitido su culpabilidad este martes ante el tribunal. En caso de ser condenado, podr\u00eda enfrentarse a una pena de hasta 20 a\u00f1os de prisi\u00f3n, seg\u00fan informaciones del diario 'Die Presse'.<\/h2>\n\n\n\n<ul class=\"wp-block-list\">\n<li><\/li>\n<\/ul>\n\n\n\n<figure class=\"wp-block-image\"><img decoding=\"async\" src=\"https:\/\/listindiario.com\/files\/vertical_main_image\/uploads\/2025\/10\/04\/68e11379aeb44.webp\" alt=\"Taylor Swift regresa con 'The Life of a Showgirl', su duod\u00e9cimo \u00e1lbum de estudio. EFE\/ Republic Records \/ Mert Alas &amp; Marcus Piggot\"\/><figcaption class=\"wp-element-caption\">Taylor Swift. EFE\/ Republic Records \/ Mert Alas &amp; Marcus Piggot<\/figcaption><\/figure>\n\n\n\n<p id=\"m84688-84687-84689\">Un&nbsp;<strong>joven austriaco de 21 a\u00f1os&nbsp;<\/strong>acusado de planear en 2024 un&nbsp;<strong>atentado&nbsp;<\/strong>\"<strong>masivo<\/strong>\" durante un concierto de la cantante estadounidense de pop&nbsp;<strong>Taylor Swift<\/strong>&nbsp;se ha declarado culpable este martes tras el arranque en Viena, la capital de Austria, del juicio en su contra por&nbsp;<strong>terrorismo y pertenencia a una organizaci\u00f3n criminal<\/strong>.<\/p>\n","protected":false},"excerpt":{"rendered":"<p>El principal acusado, identificado como Beran A., ha admitido su culpabilidad este martes ante el tribunal. En caso de ser condenado, podr\u00eda enfrentarse a una pena de hasta 20 a\u00f1os de prisi\u00f3n, seg\u00fan informaciones del diario 'Die Presse'. Un&nbsp;joven austriaco de 21 a\u00f1os&nbsp;acusado de planear en 2024 un&nbsp;atentado&nbsp;\"masivo\" durante un concierto de la cantante estadounidense [&hellip;]<\/p>\n","protected":false},"author":2,"featured_media":0,"comment_status":"open","ping_status":"open","sticky":false,"template":"","format":"standard","meta":{"_monsterinsights_skip_tracking":false,"_monsterinsights_sitenote_active":false,"_monsterinsights_sitenote_note":"","_monsterinsights_sitenote_category":0,"footnotes":""},"categories":[22],"tags":[],"class_list":["post-8082","post","type-post","status-publish","format-standard","hentry","category-entretenimiento"],"aioseo_notices":[],"_links":{"self":[{"href":"https:\/\/azuaalinstante.com\/index.php\/wp-json\/wp\/v2\/posts\/8082","targetHints":{"allow":["GET"]}}],"collection":[{"href":"https:\/\/azuaalinstante.com\/index.php\/wp-json\/wp\/v2\/posts"}],"about":[{"href":"https:\/\/azuaalinstante.com\/index.php\/wp-json\/wp\/v2\/types\/post"}],"author":[{"embeddable":true,"href":"https:\/\/azuaalinstante.com\/index.php\/wp-json\/wp\/v2\/users\/2"}],"replies":[{"embeddable":true,"href":"https:\/\/azuaalinstante.com\/index.php\/wp-json\/wp\/v2\/comments?post=8082"}],"version-history":[{"count":1,"href":"https:\/\/azuaalinstante.com\/index.php\/wp-json\/wp\/v2\/posts\/8082\/revisions"}],"predecessor-version":[{"id":8083,"href":"https:\/\/azuaalinstante.com\/index.php\/wp-json\/wp\/v2\/posts\/8082\/revisions\/8083"}],"wp:attachment":[{"href":"https:\/\/azuaalinstante.com\/index.php\/wp-json\/wp\/v2\/media?parent=8082"}],"wp:term":[{"taxonomy":"category","embeddable":true,"href":"https:\/\/azuaalinstante.com\/index.php\/wp-json\/wp\/v2\/categories?post=8082"},{"taxonomy":"post_tag","embeddable":true,"href":"https:\/\/azuaalinstante.com\/index.php\/wp-json\/wp\/v2\/tags?post=8082"}],"curies":[{"name":"wp","href":"https:\/\/api.w.org\/{rel}","templated":true}]}}