{"id":8090,"date":"2026-04-28T14:30:43","date_gmt":"2026-04-28T14:30:43","guid":{"rendered":"https:\/\/azuaalinstante.com\/?p=8090"},"modified":"2026-04-28T14:30:44","modified_gmt":"2026-04-28T14:30:44","slug":"condenan-a-30-anos-de-prision-a-tres-haitianos-y-un-dominicano-por-asesinato-a-tiros-de-4-personas-en-dajabon","status":"publish","type":"post","link":"https:\/\/azuaalinstante.com\/index.php\/2026\/04\/28\/condenan-a-30-anos-de-prision-a-tres-haitianos-y-un-dominicano-por-asesinato-a-tiros-de-4-personas-en-dajabon\/","title":{"rendered":"Condenan a 30 a\u00f1os de prisi\u00f3n a tres haitianos y un dominicano por asesinato a tiros de 4 personas en Dajab\u00f3n"},"content":{"rendered":"\n<h2 class=\"wp-block-heading\">Los condenados fueron identificados como Frandy Luim\u00e9nez, Pacheco Beltr\u00e1n, Olux Maxos y Adonis Jos\u00e9 Morillo, quienes fueron hallados culpables de su participaci\u00f3n en el crimen ocurrido en el a\u00f1o 2023 en la comunidad de Aminilla del municipio de Partido.<\/h2>\n\n\n\n<ul class=\"wp-block-list\">\n<li><\/li>\n<\/ul>\n\n\n\n<figure class=\"wp-block-image\"><img decoding=\"async\" src=\"https:\/\/listindiario.com\/files\/vertical_main_image\/uploads\/2026\/04\/27\/69eff0b0cf941.jpeg\" alt=\"Los condenados fueron identificados como Frandy Luim\u00e9nez, Pacheco Beltr\u00e1n, Olux Maxos y Adonis Jos\u00e9 Morillo.\"\/><figcaption class=\"wp-element-caption\">Los condenados fueron identificados como Frandy Luim\u00e9nez, Pacheco Beltr\u00e1n, Olux Maxos y Adonis Jos\u00e9 Morillo.<\/figcaption><\/figure>\n\n\n\n<p id=\"m3087-3086-3088\">El&nbsp;<strong>Tribunal Colegiado&nbsp;<\/strong>de la&nbsp;<strong>C\u00e1mara Penal del Juzgado de Primera Instancia de Dajab\u00f3n<\/strong>&nbsp;conden\u00f3 a 30 a\u00f1os de prisi\u00f3n a tres haitianos y un dominicano por la muerte a tiros de cuatro personas integrantes de una misma familia.<\/p>\n","protected":false},"excerpt":{"rendered":"<p>Los condenados fueron identificados como Frandy Luim\u00e9nez, Pacheco Beltr\u00e1n, Olux Maxos y Adonis Jos\u00e9 Morillo, quienes fueron hallados culpables de su participaci\u00f3n en el crimen ocurrido en el a\u00f1o 2023 en la comunidad de Aminilla del municipio de Partido. El&nbsp;Tribunal Colegiado&nbsp;de la&nbsp;C\u00e1mara Penal del Juzgado de Primera Instancia de Dajab\u00f3n&nbsp;conden\u00f3 a 30 a\u00f1os de prisi\u00f3n [&hellip;]<\/p>\n","protected":false},"author":2,"featured_media":8091,"comment_status":"open","ping_status":"open","sticky":false,"template":"","format":"standard","meta":{"_monsterinsights_skip_tracking":false,"_monsterinsights_sitenote_active":false,"_monsterinsights_sitenote_note":"","_monsterinsights_sitenote_category":0,"footnotes":""},"categories":[5],"tags":[],"class_list":["post-8090","post","type-post","status-publish","format-standard","has-post-thumbnail","hentry","category-republica"],"aioseo_notices":[],"_links":{"self":[{"href":"https:\/\/azuaalinstante.com\/index.php\/wp-json\/wp\/v2\/posts\/8090","targetHints":{"allow":["GET"]}}],"collection":[{"href":"https:\/\/azuaalinstante.com\/index.php\/wp-json\/wp\/v2\/posts"}],"about":[{"href":"https:\/\/azuaalinstante.com\/index.php\/wp-json\/wp\/v2\/types\/post"}],"author":[{"embeddable":true,"href":"https:\/\/azuaalinstante.com\/index.php\/wp-json\/wp\/v2\/users\/2"}],"replies":[{"embeddable":true,"href":"https:\/\/azuaalinstante.com\/index.php\/wp-json\/wp\/v2\/comments?post=8090"}],"version-history":[{"count":1,"href":"https:\/\/azuaalinstante.com\/index.php\/wp-json\/wp\/v2\/posts\/8090\/revisions"}],"predecessor-version":[{"id":8092,"href":"https:\/\/azuaalinstante.com\/index.php\/wp-json\/wp\/v2\/posts\/8090\/revisions\/8092"}],"wp:featuredmedia":[{"embeddable":true,"href":"https:\/\/azuaalinstante.com\/index.php\/wp-json\/wp\/v2\/media\/8091"}],"wp:attachment":[{"href":"https:\/\/azuaalinstante.com\/index.php\/wp-json\/wp\/v2\/media?parent=8090"}],"wp:term":[{"taxonomy":"category","embeddable":true,"href":"https:\/\/azuaalinstante.com\/index.php\/wp-json\/wp\/v2\/categories?post=8090"},{"taxonomy":"post_tag","embeddable":true,"href":"https:\/\/azuaalinstante.com\/index.php\/wp-json\/wp\/v2\/tags?post=8090"}],"curies":[{"name":"wp","href":"https:\/\/api.w.org\/{rel}","templated":true}]}}