{"id":8093,"date":"2026-04-28T14:32:39","date_gmt":"2026-04-28T14:32:39","guid":{"rendered":"https:\/\/azuaalinstante.com\/?p=8093"},"modified":"2026-04-28T14:32:40","modified_gmt":"2026-04-28T14:32:40","slug":"piden-investigar-muerte-de-excapitan-del-ejercito-tras-ser-detenido-en-destacamento-en-sdn","status":"publish","type":"post","link":"https:\/\/azuaalinstante.com\/index.php\/2026\/04\/28\/piden-investigar-muerte-de-excapitan-del-ejercito-tras-ser-detenido-en-destacamento-en-sdn\/","title":{"rendered":"Piden investigar muerte de excapit\u00e1n del Ej\u00e9rcito tras ser detenido en destacamento en SDN"},"content":{"rendered":"\n<h2 class=\"wp-block-heading\">Ram\u00f3n Antonio Mora Abad, de 60 a\u00f1os, fue apresado por miembros de la PN tras presentar una crisis psic\u00f3tica.<\/h2>\n\n\n\n<ul class=\"wp-block-list\">\n<li><\/li>\n<\/ul>\n\n\n\n<figure class=\"wp-block-image\"><img decoding=\"async\" src=\"https:\/\/listindiario.com\/files\/vertical_main_image\/uploads\/2026\/04\/27\/69efd9071ddfb.webp\" alt=\"El excapit\u00e1n del Ej\u00e9rcito fue miembro de la instituci\u00f3n durante 35 a\u00f1os y form\u00f3 parte de la banda de m\u00fasica.\"\/><figcaption class=\"wp-element-caption\">El excapit\u00e1n del Ej\u00e9rcito fue miembro de la instituci\u00f3n durante 35 a\u00f1os y form\u00f3 parte de la banda de m\u00fasica. Fuente Externa<\/figcaption><\/figure>\n\n\n\n<p>Santo Domingo, RD.\u00a0<\/p>\n\n\n\n<p id=\"m15839-15838-15840\">Familiares de un excapit\u00e1n del<strong>&nbsp;Ej\u00e9rcito de Rep\u00fablica Dominicana<\/strong>, quien falleci\u00f3 a causa de m\u00faltiples lesiones tras ser detenido en un destacamento policial en&nbsp;<strong>Santo Domingo Norte<\/strong>, piden a las autoridades el esclarecimiento de este caso.<\/p>\n","protected":false},"excerpt":{"rendered":"<p>Ram\u00f3n Antonio Mora Abad, de 60 a\u00f1os, fue apresado por miembros de la PN tras presentar una crisis psic\u00f3tica. Santo Domingo, RD.\u00a0 Familiares de un excapit\u00e1n del&nbsp;Ej\u00e9rcito de Rep\u00fablica Dominicana, quien falleci\u00f3 a causa de m\u00faltiples lesiones tras ser detenido en un destacamento policial en&nbsp;Santo Domingo Norte, piden a las autoridades el esclarecimiento de este [&hellip;]<\/p>\n","protected":false},"author":2,"featured_media":0,"comment_status":"open","ping_status":"open","sticky":false,"template":"","format":"standard","meta":{"_monsterinsights_skip_tracking":false,"_monsterinsights_sitenote_active":false,"_monsterinsights_sitenote_note":"","_monsterinsights_sitenote_category":0,"footnotes":""},"categories":[5],"tags":[],"class_list":["post-8093","post","type-post","status-publish","format-standard","hentry","category-republica"],"aioseo_notices":[],"_links":{"self":[{"href":"https:\/\/azuaalinstante.com\/index.php\/wp-json\/wp\/v2\/posts\/8093","targetHints":{"allow":["GET"]}}],"collection":[{"href":"https:\/\/azuaalinstante.com\/index.php\/wp-json\/wp\/v2\/posts"}],"about":[{"href":"https:\/\/azuaalinstante.com\/index.php\/wp-json\/wp\/v2\/types\/post"}],"author":[{"embeddable":true,"href":"https:\/\/azuaalinstante.com\/index.php\/wp-json\/wp\/v2\/users\/2"}],"replies":[{"embeddable":true,"href":"https:\/\/azuaalinstante.com\/index.php\/wp-json\/wp\/v2\/comments?post=8093"}],"version-history":[{"count":1,"href":"https:\/\/azuaalinstante.com\/index.php\/wp-json\/wp\/v2\/posts\/8093\/revisions"}],"predecessor-version":[{"id":8094,"href":"https:\/\/azuaalinstante.com\/index.php\/wp-json\/wp\/v2\/posts\/8093\/revisions\/8094"}],"wp:attachment":[{"href":"https:\/\/azuaalinstante.com\/index.php\/wp-json\/wp\/v2\/media?parent=8093"}],"wp:term":[{"taxonomy":"category","embeddable":true,"href":"https:\/\/azuaalinstante.com\/index.php\/wp-json\/wp\/v2\/categories?post=8093"},{"taxonomy":"post_tag","embeddable":true,"href":"https:\/\/azuaalinstante.com\/index.php\/wp-json\/wp\/v2\/tags?post=8093"}],"curies":[{"name":"wp","href":"https:\/\/api.w.org\/{rel}","templated":true}]}}