{"id":8110,"date":"2026-04-28T14:46:46","date_gmt":"2026-04-28T14:46:46","guid":{"rendered":"https:\/\/azuaalinstante.com\/?p=8110"},"modified":"2026-04-28T14:46:47","modified_gmt":"2026-04-28T14:46:47","slug":"abinader-crea-entidad-para-dar-seguimiento-a-desarrollo-economico-y-social-de-san-juan","status":"publish","type":"post","link":"https:\/\/azuaalinstante.com\/index.php\/2026\/04\/28\/abinader-crea-entidad-para-dar-seguimiento-a-desarrollo-economico-y-social-de-san-juan\/","title":{"rendered":"Abinader crea entidad para dar seguimiento a desarrollo \u201cecon\u00f3mico y social\u201d de San Juan"},"content":{"rendered":"\n<h2 class=\"wp-block-heading\">A trav\u00e9s de los decretos 236-26 y 285-26, el mandatario dispuso la creaci\u00f3n de una Comisi\u00f3n para la Coordinaci\u00f3n y Direcci\u00f3n del mismo y design\u00f3 a su director ejecutivo, cargo que ser\u00e1 desempe\u00f1ado por el se\u00f1or Carlos Alessandry Roa Howley.<\/h2>\n\n\n\n<ul class=\"wp-block-list\">\n<li><\/li>\n<\/ul>\n\n\n\n<figure class=\"wp-block-image\"><img decoding=\"async\" src=\"https:\/\/listindiario.com\/files\/vertical_main_image\/uploads\/2023\/10\/02\/651b391451f86.jpeg\" alt=\"La provincia San Juan, con su municipio cabecera San Juan de la Maguana, est\u00e1 ubicada en la regi\u00f3n suroeste de Rep\u00fablica Dominicana.\"\/><figcaption class=\"wp-element-caption\">La provincia San Juan, con su municipio cabecera San Juan de la Maguana, est\u00e1 ubicada en la regi\u00f3n suroeste de Rep\u00fablica Dominicana. Fuente externa<\/figcaption><\/figure>\n\n\n\n<p><br>Santo Domingo, RD<\/p>\n\n\n\n<p id=\"m128767-128766-128768\">El presidente Luis Abinader cre\u00f3 la Comisi\u00f3n para la Coordinaci\u00f3n y Direcci\u00f3n del Plan San Juan la cual tiene el objetivo de dar continuidad a las acciones para el desarrollo integral en los \u00e1mbitos econ\u00f3mico y social de los residentes y comunidades de la provincia San Juan.<\/p>\n","protected":false},"excerpt":{"rendered":"<p>A trav\u00e9s de los decretos 236-26 y 285-26, el mandatario dispuso la creaci\u00f3n de una Comisi\u00f3n para la Coordinaci\u00f3n y Direcci\u00f3n del mismo y design\u00f3 a su director ejecutivo, cargo que ser\u00e1 desempe\u00f1ado por el se\u00f1or Carlos Alessandry Roa Howley. Santo Domingo, RD El presidente Luis Abinader cre\u00f3 la Comisi\u00f3n para la Coordinaci\u00f3n y Direcci\u00f3n [&hellip;]<\/p>\n","protected":false},"author":2,"featured_media":8111,"comment_status":"open","ping_status":"open","sticky":false,"template":"","format":"standard","meta":{"_monsterinsights_skip_tracking":false,"_monsterinsights_sitenote_active":false,"_monsterinsights_sitenote_note":"","_monsterinsights_sitenote_category":0,"footnotes":""},"categories":[25],"tags":[],"class_list":["post-8110","post","type-post","status-publish","format-standard","has-post-thumbnail","hentry","category-region-sur"],"aioseo_notices":[],"_links":{"self":[{"href":"https:\/\/azuaalinstante.com\/index.php\/wp-json\/wp\/v2\/posts\/8110","targetHints":{"allow":["GET"]}}],"collection":[{"href":"https:\/\/azuaalinstante.com\/index.php\/wp-json\/wp\/v2\/posts"}],"about":[{"href":"https:\/\/azuaalinstante.com\/index.php\/wp-json\/wp\/v2\/types\/post"}],"author":[{"embeddable":true,"href":"https:\/\/azuaalinstante.com\/index.php\/wp-json\/wp\/v2\/users\/2"}],"replies":[{"embeddable":true,"href":"https:\/\/azuaalinstante.com\/index.php\/wp-json\/wp\/v2\/comments?post=8110"}],"version-history":[{"count":1,"href":"https:\/\/azuaalinstante.com\/index.php\/wp-json\/wp\/v2\/posts\/8110\/revisions"}],"predecessor-version":[{"id":8112,"href":"https:\/\/azuaalinstante.com\/index.php\/wp-json\/wp\/v2\/posts\/8110\/revisions\/8112"}],"wp:featuredmedia":[{"embeddable":true,"href":"https:\/\/azuaalinstante.com\/index.php\/wp-json\/wp\/v2\/media\/8111"}],"wp:attachment":[{"href":"https:\/\/azuaalinstante.com\/index.php\/wp-json\/wp\/v2\/media?parent=8110"}],"wp:term":[{"taxonomy":"category","embeddable":true,"href":"https:\/\/azuaalinstante.com\/index.php\/wp-json\/wp\/v2\/categories?post=8110"},{"taxonomy":"post_tag","embeddable":true,"href":"https:\/\/azuaalinstante.com\/index.php\/wp-json\/wp\/v2\/tags?post=8110"}],"curies":[{"name":"wp","href":"https:\/\/api.w.org\/{rel}","templated":true}]}}