{"id":8184,"date":"2026-04-30T11:51:36","date_gmt":"2026-04-30T11:51:36","guid":{"rendered":"https:\/\/azuaalinstante.com\/?p=8184"},"modified":"2026-04-30T11:51:37","modified_gmt":"2026-04-30T11:51:37","slug":"mas-de-17000-denuncias-por-violencia-de-genero-y-22-feminicidios-en-primer-trimestre","status":"publish","type":"post","link":"https:\/\/azuaalinstante.com\/index.php\/2026\/04\/30\/mas-de-17000-denuncias-por-violencia-de-genero-y-22-feminicidios-en-primer-trimestre\/","title":{"rendered":"M\u00e1s de 17,000 denuncias por violencia de g\u00e9nero y 22 feminicidios en primer trimestre"},"content":{"rendered":"\n<h2 class=\"wp-block-heading\">Un bolet\u00edn estad\u00edstico de la Direcci\u00f3n Nacional Contra la Violencia de G\u00e9nero destaca que la violencia intrafamiliar sigue siendo la principal causa de denuncias, representando el 52.49% del total nacional.<\/h2>\n\n\n\n<ul class=\"wp-block-list\">\n<li><\/li>\n<\/ul>\n\n\n\n<figure class=\"wp-block-image\"><img decoding=\"async\" src=\"https:\/\/listindiario.com\/files\/vertical_main_image\/uploads\/2026\/04\/29\/69f297de849f3.jpeg\" alt=\"La provincia de Santo Domingo se posiciona como el epicentro del problema, con 5,766 casos.\"\/><figcaption class=\"wp-element-caption\">La provincia de Santo Domingo se posiciona como el epicentro del problema, con 5,766 casos.<\/figcaption><\/figure>\n\n\n\n<p>Santo Domingo, RD<\/p>\n\n\n\n<p id=\"m15730-15729-15731\">Un reciente informe de la Direcci\u00f3n Nacional Contra la Violencia de G\u00e9nero revel\u00f3 que, durante el periodo enero-marzo de 2026, se registraron un total de 17,552 denuncias por violencia de g\u00e9nero, intrafamiliar y delitos sexuales en el pa\u00eds.<\/p>\n","protected":false},"excerpt":{"rendered":"<p>Un bolet\u00edn estad\u00edstico de la Direcci\u00f3n Nacional Contra la Violencia de G\u00e9nero destaca que la violencia intrafamiliar sigue siendo la principal causa de denuncias, representando el 52.49% del total nacional. Santo Domingo, RD Un reciente informe de la Direcci\u00f3n Nacional Contra la Violencia de G\u00e9nero revel\u00f3 que, durante el periodo enero-marzo de 2026, se registraron [&hellip;]<\/p>\n","protected":false},"author":2,"featured_media":8185,"comment_status":"open","ping_status":"open","sticky":false,"template":"","format":"standard","meta":{"_monsterinsights_skip_tracking":false,"_monsterinsights_sitenote_active":false,"_monsterinsights_sitenote_note":"","_monsterinsights_sitenote_category":0,"footnotes":""},"categories":[1],"tags":[],"class_list":["post-8184","post","type-post","status-publish","format-standard","has-post-thumbnail","hentry","category-uncategorized"],"aioseo_notices":[],"_links":{"self":[{"href":"https:\/\/azuaalinstante.com\/index.php\/wp-json\/wp\/v2\/posts\/8184","targetHints":{"allow":["GET"]}}],"collection":[{"href":"https:\/\/azuaalinstante.com\/index.php\/wp-json\/wp\/v2\/posts"}],"about":[{"href":"https:\/\/azuaalinstante.com\/index.php\/wp-json\/wp\/v2\/types\/post"}],"author":[{"embeddable":true,"href":"https:\/\/azuaalinstante.com\/index.php\/wp-json\/wp\/v2\/users\/2"}],"replies":[{"embeddable":true,"href":"https:\/\/azuaalinstante.com\/index.php\/wp-json\/wp\/v2\/comments?post=8184"}],"version-history":[{"count":1,"href":"https:\/\/azuaalinstante.com\/index.php\/wp-json\/wp\/v2\/posts\/8184\/revisions"}],"predecessor-version":[{"id":8186,"href":"https:\/\/azuaalinstante.com\/index.php\/wp-json\/wp\/v2\/posts\/8184\/revisions\/8186"}],"wp:featuredmedia":[{"embeddable":true,"href":"https:\/\/azuaalinstante.com\/index.php\/wp-json\/wp\/v2\/media\/8185"}],"wp:attachment":[{"href":"https:\/\/azuaalinstante.com\/index.php\/wp-json\/wp\/v2\/media?parent=8184"}],"wp:term":[{"taxonomy":"category","embeddable":true,"href":"https:\/\/azuaalinstante.com\/index.php\/wp-json\/wp\/v2\/categories?post=8184"},{"taxonomy":"post_tag","embeddable":true,"href":"https:\/\/azuaalinstante.com\/index.php\/wp-json\/wp\/v2\/tags?post=8184"}],"curies":[{"name":"wp","href":"https:\/\/api.w.org\/{rel}","templated":true}]}}