{"id":8202,"date":"2026-04-30T12:05:13","date_gmt":"2026-04-30T12:05:13","guid":{"rendered":"https:\/\/azuaalinstante.com\/?p=8202"},"modified":"2026-04-30T12:05:14","modified_gmt":"2026-04-30T12:05:14","slug":"las-enfermeras-se-lanzan-a-un-paro-nacional-de-labores-por-24-horas","status":"publish","type":"post","link":"https:\/\/azuaalinstante.com\/index.php\/2026\/04\/30\/las-enfermeras-se-lanzan-a-un-paro-nacional-de-labores-por-24-horas\/","title":{"rendered":"Las enfermeras se lanzan a un paro nacional de labores por 24 horas"},"content":{"rendered":"\n<h2 class=\"wp-block-heading\">Exigen, en conjunto, remuneraci\u00f3npor tiempo en servicio, cambios de designaci\u00f3n o reclasificaci\u00f3n, nivelaci\u00f3n de sueldos, aplicaci\u00f3n de incentivos por distancia, pensiones completas para el personal que ha cumplido con los a\u00f1os de servicio y nombramientos de nuevas enfermeras.<\/h2>\n\n\n\n<ul class=\"wp-block-list\">\n<li><\/li>\n<\/ul>\n\n\n\n<figure class=\"wp-block-image\"><img decoding=\"async\" src=\"https:\/\/listindiario.com\/files\/vertical_main_image\/uploads\/2026\/04\/29\/69f29a110a679.jpeg\" alt=\"Personal de enfermer\u00eda se moviliza en demanda de mejoras laborales y el reconocimiento del tiempo en servicio.\"\/><figcaption class=\"wp-element-caption\">Personal de enfermer\u00eda se moviliza en demanda de mejoras laborales y el reconocimiento del tiempo en servicio.<\/figcaption><\/figure>\n\n\n\n<p>Santo Domingo, RD<\/p>\n\n\n\n<p id=\"m102259-102258-102260\">Las enfermeras ratificaron el mi\u00e9rcoles el llamado a paro de labores por 24 horas que realizaron el pasado 22 de abril con el fin de exigir el reconocimiento de sus reivindicaciones y la firma de acuerdos con el Gobierno.<\/p>\n","protected":false},"excerpt":{"rendered":"<p>Exigen, en conjunto, remuneraci\u00f3npor tiempo en servicio, cambios de designaci\u00f3n o reclasificaci\u00f3n, nivelaci\u00f3n de sueldos, aplicaci\u00f3n de incentivos por distancia, pensiones completas para el personal que ha cumplido con los a\u00f1os de servicio y nombramientos de nuevas enfermeras. Santo Domingo, RD Las enfermeras ratificaron el mi\u00e9rcoles el llamado a paro de labores por 24 horas [&hellip;]<\/p>\n","protected":false},"author":2,"featured_media":8203,"comment_status":"open","ping_status":"open","sticky":false,"template":"","format":"standard","meta":{"_monsterinsights_skip_tracking":false,"_monsterinsights_sitenote_active":false,"_monsterinsights_sitenote_note":"","_monsterinsights_sitenote_category":0,"footnotes":""},"categories":[5],"tags":[],"class_list":["post-8202","post","type-post","status-publish","format-standard","has-post-thumbnail","hentry","category-republica"],"aioseo_notices":[],"_links":{"self":[{"href":"https:\/\/azuaalinstante.com\/index.php\/wp-json\/wp\/v2\/posts\/8202","targetHints":{"allow":["GET"]}}],"collection":[{"href":"https:\/\/azuaalinstante.com\/index.php\/wp-json\/wp\/v2\/posts"}],"about":[{"href":"https:\/\/azuaalinstante.com\/index.php\/wp-json\/wp\/v2\/types\/post"}],"author":[{"embeddable":true,"href":"https:\/\/azuaalinstante.com\/index.php\/wp-json\/wp\/v2\/users\/2"}],"replies":[{"embeddable":true,"href":"https:\/\/azuaalinstante.com\/index.php\/wp-json\/wp\/v2\/comments?post=8202"}],"version-history":[{"count":1,"href":"https:\/\/azuaalinstante.com\/index.php\/wp-json\/wp\/v2\/posts\/8202\/revisions"}],"predecessor-version":[{"id":8204,"href":"https:\/\/azuaalinstante.com\/index.php\/wp-json\/wp\/v2\/posts\/8202\/revisions\/8204"}],"wp:featuredmedia":[{"embeddable":true,"href":"https:\/\/azuaalinstante.com\/index.php\/wp-json\/wp\/v2\/media\/8203"}],"wp:attachment":[{"href":"https:\/\/azuaalinstante.com\/index.php\/wp-json\/wp\/v2\/media?parent=8202"}],"wp:term":[{"taxonomy":"category","embeddable":true,"href":"https:\/\/azuaalinstante.com\/index.php\/wp-json\/wp\/v2\/categories?post=8202"},{"taxonomy":"post_tag","embeddable":true,"href":"https:\/\/azuaalinstante.com\/index.php\/wp-json\/wp\/v2\/tags?post=8202"}],"curies":[{"name":"wp","href":"https:\/\/api.w.org\/{rel}","templated":true}]}}