{"id":8208,"date":"2026-04-30T12:08:20","date_gmt":"2026-04-30T12:08:20","guid":{"rendered":"https:\/\/azuaalinstante.com\/?p=8208"},"modified":"2026-04-30T12:08:41","modified_gmt":"2026-04-30T12:08:41","slug":"republica-dominicana-se-suma-a-gran-operativo-internacional-contra-la-explotacion-sexual-infantil","status":"publish","type":"post","link":"https:\/\/azuaalinstante.com\/index.php\/2026\/04\/30\/republica-dominicana-se-suma-a-gran-operativo-internacional-contra-la-explotacion-sexual-infantil\/","title":{"rendered":"Rep\u00fablica Dominicana se suma a gran operativo internacional contra la explotaci\u00f3n sexual infantil"},"content":{"rendered":"\n<h2 class=\"wp-block-heading\">La operaci\u00f3n, que abarc\u00f3 16 pa\u00edses, tiene como objetivo desmantelar redes de explotaci\u00f3n sexual infantil en internet.<\/h2>\n\n\n\n<ul class=\"wp-block-list\">\n<li><\/li>\n<\/ul>\n\n\n\n<figure class=\"wp-block-image\"><img decoding=\"async\" src=\"https:\/\/listindiario.com\/files\/vertical_main_image\/uploads\/2024\/02\/11\/65c9273aabbb5.jpeg\" alt=\"V\u00edctima de explotaci\u00f3n sexual. Imagen con fines ilustrativos.\"\/><figcaption class=\"wp-element-caption\">V\u00edctima de explotaci\u00f3n sexual. Imagen con fines ilustrativos.Getty Images\/iStockphoto<\/figcaption><\/figure>\n\n\n\n<p id=\"m13288-13287-13289\">El Ministerio P\u00fablico de la Rep\u00fablica Dominicana, a trav\u00e9s de la Procuradur\u00eda Especializada contra Cr\u00edmenes y Delitos de Alta Tecnolog\u00eda (Pedatec), particip\u00f3 en la sexta fase del operativo internacional \u201cAliados por la Infancia VI\u201d.&nbsp;<\/p>\n","protected":false},"excerpt":{"rendered":"<p>La operaci\u00f3n, que abarc\u00f3 16 pa\u00edses, tiene como objetivo desmantelar redes de explotaci\u00f3n sexual infantil en internet. El Ministerio P\u00fablico de la Rep\u00fablica Dominicana, a trav\u00e9s de la Procuradur\u00eda Especializada contra Cr\u00edmenes y Delitos de Alta Tecnolog\u00eda (Pedatec), particip\u00f3 en la sexta fase del operativo internacional \u201cAliados por la Infancia VI\u201d.&nbsp;<\/p>\n","protected":false},"author":2,"featured_media":8209,"comment_status":"open","ping_status":"open","sticky":false,"template":"","format":"standard","meta":{"_monsterinsights_skip_tracking":false,"_monsterinsights_sitenote_active":false,"_monsterinsights_sitenote_note":"","_monsterinsights_sitenote_category":0,"footnotes":""},"categories":[5],"tags":[],"class_list":["post-8208","post","type-post","status-publish","format-standard","has-post-thumbnail","hentry","category-republica"],"aioseo_notices":[],"_links":{"self":[{"href":"https:\/\/azuaalinstante.com\/index.php\/wp-json\/wp\/v2\/posts\/8208","targetHints":{"allow":["GET"]}}],"collection":[{"href":"https:\/\/azuaalinstante.com\/index.php\/wp-json\/wp\/v2\/posts"}],"about":[{"href":"https:\/\/azuaalinstante.com\/index.php\/wp-json\/wp\/v2\/types\/post"}],"author":[{"embeddable":true,"href":"https:\/\/azuaalinstante.com\/index.php\/wp-json\/wp\/v2\/users\/2"}],"replies":[{"embeddable":true,"href":"https:\/\/azuaalinstante.com\/index.php\/wp-json\/wp\/v2\/comments?post=8208"}],"version-history":[{"count":1,"href":"https:\/\/azuaalinstante.com\/index.php\/wp-json\/wp\/v2\/posts\/8208\/revisions"}],"predecessor-version":[{"id":8210,"href":"https:\/\/azuaalinstante.com\/index.php\/wp-json\/wp\/v2\/posts\/8208\/revisions\/8210"}],"wp:featuredmedia":[{"embeddable":true,"href":"https:\/\/azuaalinstante.com\/index.php\/wp-json\/wp\/v2\/media\/8209"}],"wp:attachment":[{"href":"https:\/\/azuaalinstante.com\/index.php\/wp-json\/wp\/v2\/media?parent=8208"}],"wp:term":[{"taxonomy":"category","embeddable":true,"href":"https:\/\/azuaalinstante.com\/index.php\/wp-json\/wp\/v2\/categories?post=8208"},{"taxonomy":"post_tag","embeddable":true,"href":"https:\/\/azuaalinstante.com\/index.php\/wp-json\/wp\/v2\/tags?post=8208"}],"curies":[{"name":"wp","href":"https:\/\/api.w.org\/{rel}","templated":true}]}}