{"id":8215,"date":"2026-04-30T12:12:16","date_gmt":"2026-04-30T12:12:16","guid":{"rendered":"https:\/\/azuaalinstante.com\/?p=8215"},"modified":"2026-04-30T12:12:16","modified_gmt":"2026-04-30T12:12:16","slug":"medio-ambiente-asegura-valle-nuevo-no-ha-sido-privatizado-dice-pago-por-acampar-solo-aplica-en-jardin-del-eden","status":"publish","type":"post","link":"https:\/\/azuaalinstante.com\/index.php\/2026\/04\/30\/medio-ambiente-asegura-valle-nuevo-no-ha-sido-privatizado-dice-pago-por-acampar-solo-aplica-en-jardin-del-eden\/","title":{"rendered":"Medio Ambiente asegura Valle Nuevo no ha sido privatizado; dice pago por acampar solo aplica en Jard\u00edn del Ed\u00e9n"},"content":{"rendered":"\n<h2 class=\"wp-block-heading\">La organizaci\u00f3n de la acampada en el \u00e1rea Jard\u00edn del Ed\u00e9n forma parte de un modelo de gesti\u00f3n que ordena el uso p\u00fablico sin limitar el acceso al \u00e1rea protegida.<\/h2>\n\n\n\n<ul class=\"wp-block-list\">\n<li><\/li>\n<\/ul>\n\n\n\n<figure class=\"wp-block-image\"><img decoding=\"async\" src=\"https:\/\/listindiario.com\/files\/vertical_main_image\/uploads\/2026\/04\/29\/69f2b5bbd1d96.jpeg\" alt=\"\u00c1rea de acampar Jard\u00edn del Ed\u00e9n del Valle Nuevo\"\/><figcaption class=\"wp-element-caption\">\u00c1rea de acampar Jard\u00edn del Ed\u00e9n del Valle Nuevo Fuente externa<\/figcaption><\/figure>\n\n\n\n<p>Santo Domingo, RD<\/p>\n\n\n\n<p id=\"m40261-40260-40262\">El Ministerio de Medio Ambiente y Recursos Naturales afirm\u00f3 que el Parque Nacional Valle Nuevo no ha sido privatizado y que la ciudadan\u00eda puede visitar el \u00e1rea protegida para disfrutar su uso p\u00fablico, pagando RD$ 150 por la entrada general.<\/p>\n","protected":false},"excerpt":{"rendered":"<p>La organizaci\u00f3n de la acampada en el \u00e1rea Jard\u00edn del Ed\u00e9n forma parte de un modelo de gesti\u00f3n que ordena el uso p\u00fablico sin limitar el acceso al \u00e1rea protegida. Santo Domingo, RD El Ministerio de Medio Ambiente y Recursos Naturales afirm\u00f3 que el Parque Nacional Valle Nuevo no ha sido privatizado y que la [&hellip;]<\/p>\n","protected":false},"author":2,"featured_media":8216,"comment_status":"open","ping_status":"open","sticky":false,"template":"","format":"standard","meta":{"_monsterinsights_skip_tracking":false,"_monsterinsights_sitenote_active":false,"_monsterinsights_sitenote_note":"","_monsterinsights_sitenote_category":0,"footnotes":""},"categories":[7],"tags":[],"class_list":["post-8215","post","type-post","status-publish","format-standard","has-post-thumbnail","hentry","category-gobierno"],"aioseo_notices":[],"_links":{"self":[{"href":"https:\/\/azuaalinstante.com\/index.php\/wp-json\/wp\/v2\/posts\/8215","targetHints":{"allow":["GET"]}}],"collection":[{"href":"https:\/\/azuaalinstante.com\/index.php\/wp-json\/wp\/v2\/posts"}],"about":[{"href":"https:\/\/azuaalinstante.com\/index.php\/wp-json\/wp\/v2\/types\/post"}],"author":[{"embeddable":true,"href":"https:\/\/azuaalinstante.com\/index.php\/wp-json\/wp\/v2\/users\/2"}],"replies":[{"embeddable":true,"href":"https:\/\/azuaalinstante.com\/index.php\/wp-json\/wp\/v2\/comments?post=8215"}],"version-history":[{"count":1,"href":"https:\/\/azuaalinstante.com\/index.php\/wp-json\/wp\/v2\/posts\/8215\/revisions"}],"predecessor-version":[{"id":8217,"href":"https:\/\/azuaalinstante.com\/index.php\/wp-json\/wp\/v2\/posts\/8215\/revisions\/8217"}],"wp:featuredmedia":[{"embeddable":true,"href":"https:\/\/azuaalinstante.com\/index.php\/wp-json\/wp\/v2\/media\/8216"}],"wp:attachment":[{"href":"https:\/\/azuaalinstante.com\/index.php\/wp-json\/wp\/v2\/media?parent=8215"}],"wp:term":[{"taxonomy":"category","embeddable":true,"href":"https:\/\/azuaalinstante.com\/index.php\/wp-json\/wp\/v2\/categories?post=8215"},{"taxonomy":"post_tag","embeddable":true,"href":"https:\/\/azuaalinstante.com\/index.php\/wp-json\/wp\/v2\/tags?post=8215"}],"curies":[{"name":"wp","href":"https:\/\/api.w.org\/{rel}","templated":true}]}}