{"id":8234,"date":"2026-04-30T23:19:16","date_gmt":"2026-04-30T23:19:16","guid":{"rendered":"https:\/\/azuaalinstante.com\/?p=8234"},"modified":"2026-04-30T23:19:17","modified_gmt":"2026-04-30T23:19:17","slug":"cuales-son-las-novedades-en-el-reinaugurado-museo-nacional-de-historia-y-geografia","status":"publish","type":"post","link":"https:\/\/azuaalinstante.com\/index.php\/2026\/04\/30\/cuales-son-las-novedades-en-el-reinaugurado-museo-nacional-de-historia-y-geografia\/","title":{"rendered":"Cu\u00e1les son las novedades en el reinaugurado Museo Nacional de Historia y Geograf\u00eda?"},"content":{"rendered":"\n<h2 class=\"wp-block-heading\">De acuerdo con el director del museo, el dinero invertido fue destinado a la impermeabilizaci\u00f3n de los techos, la reparaci\u00f3n de paredes, la instalaci\u00f3n de un sistema de drenaje pluvial y la climatizaci\u00f3n con aire acondicionado central.<\/h2>\n\n\n\n<ul class=\"wp-block-list\">\n<li><\/li>\n<\/ul>\n\n\n\n<figure class=\"wp-block-image\"><img decoding=\"async\" src=\"https:\/\/listindiario.com\/files\/vertical_main_image\/uploads\/2026\/04\/30\/69f381dfd57d2.jpeg\" alt=\"M\u00e1scara mortuoria de Rafael Le\u00f3nidas Trujillo en el museo\"\/><figcaption class=\"wp-element-caption\">M\u00e1scara mortuoria de Rafael Le\u00f3nidas Trujillo en el museoLeonel Matos<\/figcaption><\/figure>\n\n\n\n<p id=\"m36772-36771-36773\">Tras m\u00e1s de una d\u00e9cada de cierres intermitentes, el&nbsp;<strong>Museo Nacional de Historia y Geograf\u00eda (MNHG)<\/strong>&nbsp;reabri\u00f3 sus puertas en la Plaza de la Cultura durante un acto encabezado la noche del pasado martes por el presidente&nbsp;<strong>Luis Abinader<\/strong>.<\/p>\n","protected":false},"excerpt":{"rendered":"<p>De acuerdo con el director del museo, el dinero invertido fue destinado a la impermeabilizaci\u00f3n de los techos, la reparaci\u00f3n de paredes, la instalaci\u00f3n de un sistema de drenaje pluvial y la climatizaci\u00f3n con aire acondicionado central. Tras m\u00e1s de una d\u00e9cada de cierres intermitentes, el&nbsp;Museo Nacional de Historia y Geograf\u00eda (MNHG)&nbsp;reabri\u00f3 sus puertas en [&hellip;]<\/p>\n","protected":false},"author":2,"featured_media":8235,"comment_status":"open","ping_status":"open","sticky":false,"template":"","format":"standard","meta":{"_monsterinsights_skip_tracking":false,"_monsterinsights_sitenote_active":false,"_monsterinsights_sitenote_note":"","_monsterinsights_sitenote_category":0,"footnotes":""},"categories":[5],"tags":[],"class_list":["post-8234","post","type-post","status-publish","format-standard","has-post-thumbnail","hentry","category-republica"],"aioseo_notices":[],"_links":{"self":[{"href":"https:\/\/azuaalinstante.com\/index.php\/wp-json\/wp\/v2\/posts\/8234","targetHints":{"allow":["GET"]}}],"collection":[{"href":"https:\/\/azuaalinstante.com\/index.php\/wp-json\/wp\/v2\/posts"}],"about":[{"href":"https:\/\/azuaalinstante.com\/index.php\/wp-json\/wp\/v2\/types\/post"}],"author":[{"embeddable":true,"href":"https:\/\/azuaalinstante.com\/index.php\/wp-json\/wp\/v2\/users\/2"}],"replies":[{"embeddable":true,"href":"https:\/\/azuaalinstante.com\/index.php\/wp-json\/wp\/v2\/comments?post=8234"}],"version-history":[{"count":1,"href":"https:\/\/azuaalinstante.com\/index.php\/wp-json\/wp\/v2\/posts\/8234\/revisions"}],"predecessor-version":[{"id":8236,"href":"https:\/\/azuaalinstante.com\/index.php\/wp-json\/wp\/v2\/posts\/8234\/revisions\/8236"}],"wp:featuredmedia":[{"embeddable":true,"href":"https:\/\/azuaalinstante.com\/index.php\/wp-json\/wp\/v2\/media\/8235"}],"wp:attachment":[{"href":"https:\/\/azuaalinstante.com\/index.php\/wp-json\/wp\/v2\/media?parent=8234"}],"wp:term":[{"taxonomy":"category","embeddable":true,"href":"https:\/\/azuaalinstante.com\/index.php\/wp-json\/wp\/v2\/categories?post=8234"},{"taxonomy":"post_tag","embeddable":true,"href":"https:\/\/azuaalinstante.com\/index.php\/wp-json\/wp\/v2\/tags?post=8234"}],"curies":[{"name":"wp","href":"https:\/\/api.w.org\/{rel}","templated":true}]}}