{"id":8252,"date":"2026-04-30T23:36:11","date_gmt":"2026-04-30T23:36:11","guid":{"rendered":"https:\/\/azuaalinstante.com\/?p=8252"},"modified":"2026-04-30T23:36:11","modified_gmt":"2026-04-30T23:36:11","slug":"enfermeras-y-no-videntes-reclaman-en-el-palacio-nacional-no-nos-moveremos-hasta-recibir-respuesta","status":"publish","type":"post","link":"https:\/\/azuaalinstante.com\/index.php\/2026\/04\/30\/enfermeras-y-no-videntes-reclaman-en-el-palacio-nacional-no-nos-moveremos-hasta-recibir-respuesta\/","title":{"rendered":"Enfermeras y no videntes reclaman en el Palacio Nacional: \u201cNo nos moveremos hasta recibir respuesta\u201d"},"content":{"rendered":"\n<h2 class=\"wp-block-heading\">Aunque coinciden con las enfermeras en ocupar un espacio frente al Palacio Nacional, el reclamo del Centro de Capacitaci\u00f3n de Ciegos, ya se extiende por tres d\u00edas y esperan que el presidente Abinader los escuche y los atienda<\/h2>\n\n\n\n<ul class=\"wp-block-list\">\n<li><\/li>\n<\/ul>\n\n\n\n<figure class=\"wp-block-image\"><img decoding=\"async\" src=\"https:\/\/listindiario.com\/files\/vertical_main_image\/uploads\/2026\/04\/30\/69f3762f7ed4b.png\" alt=\"protesta de enfermeras y no videntes frente al Palacio Nacional.\"\/><figcaption class=\"wp-element-caption\">protesta de enfermeras y no videntes frente al Palacio Nacional. Leonel Matos<\/figcaption><\/figure>\n\n\n\n<p id=\"m5947-5946-5948\">El Centro de Capacitaci\u00f3n para Ciegos (<strong>Cecapci<\/strong>) y la Asociaci\u00f3n Nacional de Enfermeras (<strong>Asonaen<\/strong>) se plantaron frente al Palacio Nacional por diferentes motivos pero con el mismo prop\u00f3sito: \u201c<strong>ser escuchados<\/strong>\u201d.<\/p>\n","protected":false},"excerpt":{"rendered":"<p>Aunque coinciden con las enfermeras en ocupar un espacio frente al Palacio Nacional, el reclamo del Centro de Capacitaci\u00f3n de Ciegos, ya se extiende por tres d\u00edas y esperan que el presidente Abinader los escuche y los atienda El Centro de Capacitaci\u00f3n para Ciegos (Cecapci) y la Asociaci\u00f3n Nacional de Enfermeras (Asonaen) se plantaron frente [&hellip;]<\/p>\n","protected":false},"author":2,"featured_media":8253,"comment_status":"open","ping_status":"open","sticky":false,"template":"","format":"standard","meta":{"_monsterinsights_skip_tracking":false,"_monsterinsights_sitenote_active":false,"_monsterinsights_sitenote_note":"","_monsterinsights_sitenote_category":0,"footnotes":""},"categories":[1],"tags":[],"class_list":["post-8252","post","type-post","status-publish","format-standard","has-post-thumbnail","hentry","category-uncategorized"],"aioseo_notices":[],"_links":{"self":[{"href":"https:\/\/azuaalinstante.com\/index.php\/wp-json\/wp\/v2\/posts\/8252","targetHints":{"allow":["GET"]}}],"collection":[{"href":"https:\/\/azuaalinstante.com\/index.php\/wp-json\/wp\/v2\/posts"}],"about":[{"href":"https:\/\/azuaalinstante.com\/index.php\/wp-json\/wp\/v2\/types\/post"}],"author":[{"embeddable":true,"href":"https:\/\/azuaalinstante.com\/index.php\/wp-json\/wp\/v2\/users\/2"}],"replies":[{"embeddable":true,"href":"https:\/\/azuaalinstante.com\/index.php\/wp-json\/wp\/v2\/comments?post=8252"}],"version-history":[{"count":1,"href":"https:\/\/azuaalinstante.com\/index.php\/wp-json\/wp\/v2\/posts\/8252\/revisions"}],"predecessor-version":[{"id":8254,"href":"https:\/\/azuaalinstante.com\/index.php\/wp-json\/wp\/v2\/posts\/8252\/revisions\/8254"}],"wp:featuredmedia":[{"embeddable":true,"href":"https:\/\/azuaalinstante.com\/index.php\/wp-json\/wp\/v2\/media\/8253"}],"wp:attachment":[{"href":"https:\/\/azuaalinstante.com\/index.php\/wp-json\/wp\/v2\/media?parent=8252"}],"wp:term":[{"taxonomy":"category","embeddable":true,"href":"https:\/\/azuaalinstante.com\/index.php\/wp-json\/wp\/v2\/categories?post=8252"},{"taxonomy":"post_tag","embeddable":true,"href":"https:\/\/azuaalinstante.com\/index.php\/wp-json\/wp\/v2\/tags?post=8252"}],"curies":[{"name":"wp","href":"https:\/\/api.w.org\/{rel}","templated":true}]}}