{"id":8278,"date":"2026-05-01T12:49:13","date_gmt":"2026-05-01T12:49:13","guid":{"rendered":"https:\/\/azuaalinstante.com\/?p=8278"},"modified":"2026-05-01T12:49:13","modified_gmt":"2026-05-01T12:49:13","slug":"industriales-insisten-en-revisar-la-cesantia-en-reforma-laboral","status":"publish","type":"post","link":"https:\/\/azuaalinstante.com\/index.php\/2026\/05\/01\/industriales-insisten-en-revisar-la-cesantia-en-reforma-laboral\/","title":{"rendered":"Industriales insisten en revisar la cesant\u00eda en reforma laboral"},"content":{"rendered":"\n<h2 class=\"wp-block-heading\">El presidente de la AIRD, Julio Virgilio Brache, destac\u00f3 que la econom\u00eda dominicana mantiene un ritmo de expansi\u00f3n s\u00f3lido, con crecimiento de la actividad econ\u00f3mica, aumento de las exportaciones y una industria que est\u00e1 ganando terreno en los mercados internacionales.<\/h2>\n\n\n\n<ul class=\"wp-block-list\">\n<li><\/li>\n<\/ul>\n\n\n\n<figure class=\"wp-block-image\"><img decoding=\"async\" src=\"https:\/\/listindiario.com\/files\/vertical_main_image\/uploads\/2026\/04\/30\/69f3fcfc41117.jpeg\" alt=\"El presidente Luis Abinader particip\u00f3 del \u201cD\u00eda de la Industria Nacional\u201d, junto a funcionarios y l\u00edderes empresariales.\"\/><figcaption class=\"wp-element-caption\">El presidente Luis Abinader particip\u00f3 del \u201cD\u00eda de la Industria Nacional\u201d, junto a funcionarios y l\u00edderes empresariales.<\/figcaption><\/figure>\n\n\n\n<p id=\"m23566-23565-23567\">El vicepresidente de la Asociaci\u00f3n de Industrias de Rep\u00fablica Dominicana (AIRD), Mario Pujols, afirm\u00f3 este jueves que la cesant\u00eda debe ser parte central de la reforma laboral, al considerar que su estructura actual limita la creaci\u00f3n de empleos y la formalizaci\u00f3n en el pa\u00eds.<\/p>\n","protected":false},"excerpt":{"rendered":"<p>El presidente de la AIRD, Julio Virgilio Brache, destac\u00f3 que la econom\u00eda dominicana mantiene un ritmo de expansi\u00f3n s\u00f3lido, con crecimiento de la actividad econ\u00f3mica, aumento de las exportaciones y una industria que est\u00e1 ganando terreno en los mercados internacionales. El vicepresidente de la Asociaci\u00f3n de Industrias de Rep\u00fablica Dominicana (AIRD), Mario Pujols, afirm\u00f3 este [&hellip;]<\/p>\n","protected":false},"author":2,"featured_media":8279,"comment_status":"open","ping_status":"open","sticky":false,"template":"","format":"standard","meta":{"_monsterinsights_skip_tracking":false,"_monsterinsights_sitenote_active":false,"_monsterinsights_sitenote_note":"","_monsterinsights_sitenote_category":0,"footnotes":""},"categories":[10],"tags":[],"class_list":["post-8278","post","type-post","status-publish","format-standard","has-post-thumbnail","hentry","category-economia"],"aioseo_notices":[],"_links":{"self":[{"href":"https:\/\/azuaalinstante.com\/index.php\/wp-json\/wp\/v2\/posts\/8278","targetHints":{"allow":["GET"]}}],"collection":[{"href":"https:\/\/azuaalinstante.com\/index.php\/wp-json\/wp\/v2\/posts"}],"about":[{"href":"https:\/\/azuaalinstante.com\/index.php\/wp-json\/wp\/v2\/types\/post"}],"author":[{"embeddable":true,"href":"https:\/\/azuaalinstante.com\/index.php\/wp-json\/wp\/v2\/users\/2"}],"replies":[{"embeddable":true,"href":"https:\/\/azuaalinstante.com\/index.php\/wp-json\/wp\/v2\/comments?post=8278"}],"version-history":[{"count":1,"href":"https:\/\/azuaalinstante.com\/index.php\/wp-json\/wp\/v2\/posts\/8278\/revisions"}],"predecessor-version":[{"id":8280,"href":"https:\/\/azuaalinstante.com\/index.php\/wp-json\/wp\/v2\/posts\/8278\/revisions\/8280"}],"wp:featuredmedia":[{"embeddable":true,"href":"https:\/\/azuaalinstante.com\/index.php\/wp-json\/wp\/v2\/media\/8279"}],"wp:attachment":[{"href":"https:\/\/azuaalinstante.com\/index.php\/wp-json\/wp\/v2\/media?parent=8278"}],"wp:term":[{"taxonomy":"category","embeddable":true,"href":"https:\/\/azuaalinstante.com\/index.php\/wp-json\/wp\/v2\/categories?post=8278"},{"taxonomy":"post_tag","embeddable":true,"href":"https:\/\/azuaalinstante.com\/index.php\/wp-json\/wp\/v2\/tags?post=8278"}],"curies":[{"name":"wp","href":"https:\/\/api.w.org\/{rel}","templated":true}]}}