{"id":8287,"date":"2026-05-01T12:55:49","date_gmt":"2026-05-01T12:55:49","guid":{"rendered":"https:\/\/azuaalinstante.com\/?p=8287"},"modified":"2026-05-01T12:55:50","modified_gmt":"2026-05-01T12:55:50","slug":"jce-extiende-plazo-para-renovar-cedula-a-nacidos-en-abril-hasta-el-11-de-mayo","status":"publish","type":"post","link":"https:\/\/azuaalinstante.com\/index.php\/2026\/05\/01\/jce-extiende-plazo-para-renovar-cedula-a-nacidos-en-abril-hasta-el-11-de-mayo\/","title":{"rendered":"JCE extiende plazo para renovar c\u00e9dula a nacidos en abril hasta el 11 de mayo"},"content":{"rendered":"\n<h2 class=\"wp-block-heading\">La instituci\u00f3n explic\u00f3 a trav\u00e9s de un comunicado que la medida responde a que la jornada de cedulaci\u00f3n inici\u00f3 el pasado 12 de abril, con el objetivo de facilitar que quienes cumplen a\u00f1os en ese mes completen su proceso de renovaci\u00f3n dentro del calendario establecido.<\/h2>\n\n\n\n<ul class=\"wp-block-list\">\n<li><\/li>\n<\/ul>\n\n\n\n<figure class=\"wp-block-image\"><img decoding=\"async\" src=\"https:\/\/listindiario.com\/files\/vertical_main_image\/files\/fp\/uploads\/2025\/12\/18\/69443d6ed5581.r_d.690-401.png\" alt=\"As\u00ed ser\u00e1 la nueva c\u00e9dula de identidad presentada este jueves por la Junta Central Electoral.\"\/><figcaption class=\"wp-element-caption\">As\u00ed es la nueva c\u00e9dula de identidad presentada por la Junta Central Electoral. JCE<\/figcaption><\/figure>\n\n\n\n<p id=\"m28452-28451-28453\">La&nbsp;<strong>Junta Central Electoral&nbsp;<\/strong>(JCE) inform\u00f3 este jueves que las personas nacidas en el mes de abril podr\u00e1n renovar su c\u00e9dula de identidad y electoral hasta el pr\u00f3ximo 11 de mayo.<\/p>\n","protected":false},"excerpt":{"rendered":"<p>La instituci\u00f3n explic\u00f3 a trav\u00e9s de un comunicado que la medida responde a que la jornada de cedulaci\u00f3n inici\u00f3 el pasado 12 de abril, con el objetivo de facilitar que quienes cumplen a\u00f1os en ese mes completen su proceso de renovaci\u00f3n dentro del calendario establecido. La&nbsp;Junta Central Electoral&nbsp;(JCE) inform\u00f3 este jueves que las personas nacidas [&hellip;]<\/p>\n","protected":false},"author":2,"featured_media":8288,"comment_status":"open","ping_status":"open","sticky":false,"template":"","format":"standard","meta":{"_monsterinsights_skip_tracking":false,"_monsterinsights_sitenote_active":false,"_monsterinsights_sitenote_note":"","_monsterinsights_sitenote_category":0,"footnotes":""},"categories":[5],"tags":[],"class_list":["post-8287","post","type-post","status-publish","format-standard","has-post-thumbnail","hentry","category-republica"],"aioseo_notices":[],"_links":{"self":[{"href":"https:\/\/azuaalinstante.com\/index.php\/wp-json\/wp\/v2\/posts\/8287","targetHints":{"allow":["GET"]}}],"collection":[{"href":"https:\/\/azuaalinstante.com\/index.php\/wp-json\/wp\/v2\/posts"}],"about":[{"href":"https:\/\/azuaalinstante.com\/index.php\/wp-json\/wp\/v2\/types\/post"}],"author":[{"embeddable":true,"href":"https:\/\/azuaalinstante.com\/index.php\/wp-json\/wp\/v2\/users\/2"}],"replies":[{"embeddable":true,"href":"https:\/\/azuaalinstante.com\/index.php\/wp-json\/wp\/v2\/comments?post=8287"}],"version-history":[{"count":1,"href":"https:\/\/azuaalinstante.com\/index.php\/wp-json\/wp\/v2\/posts\/8287\/revisions"}],"predecessor-version":[{"id":8289,"href":"https:\/\/azuaalinstante.com\/index.php\/wp-json\/wp\/v2\/posts\/8287\/revisions\/8289"}],"wp:featuredmedia":[{"embeddable":true,"href":"https:\/\/azuaalinstante.com\/index.php\/wp-json\/wp\/v2\/media\/8288"}],"wp:attachment":[{"href":"https:\/\/azuaalinstante.com\/index.php\/wp-json\/wp\/v2\/media?parent=8287"}],"wp:term":[{"taxonomy":"category","embeddable":true,"href":"https:\/\/azuaalinstante.com\/index.php\/wp-json\/wp\/v2\/categories?post=8287"},{"taxonomy":"post_tag","embeddable":true,"href":"https:\/\/azuaalinstante.com\/index.php\/wp-json\/wp\/v2\/tags?post=8287"}],"curies":[{"name":"wp","href":"https:\/\/api.w.org\/{rel}","templated":true}]}}