{"id":8456,"date":"2026-05-04T18:48:01","date_gmt":"2026-05-04T18:48:01","guid":{"rendered":"https:\/\/azuaalinstante.com\/?p=8456"},"modified":"2026-05-04T18:48:02","modified_gmt":"2026-05-04T18:48:02","slug":"movimiento-antiminero-de-san-juan-dice-marcha-fue-un-exito","status":"publish","type":"post","link":"https:\/\/azuaalinstante.com\/index.php\/2026\/05\/04\/movimiento-antiminero-de-san-juan-dice-marcha-fue-un-exito\/","title":{"rendered":"Movimiento antiminero de San Juan dice marcha fue un \u00e9xito"},"content":{"rendered":"\n<h2 class=\"wp-block-heading\">El vocero Rub\u00e9n Moreta calific\u00f3 la marcha de este domingo como la mayor en la historia social de la provincia<\/h2>\n\n\n\n<ul class=\"wp-block-list\">\n<li><\/li>\n<\/ul>\n\n\n\n<figure class=\"wp-block-image\"><img decoding=\"async\" src=\"https:\/\/listindiario.com\/files\/main_image\/uploads\/2026\/05\/03\/69f7c7e12795f.jpeg\" alt=\"Personas concentradas en San Juan para marchar contra minera\"\/><figcaption class=\"wp-element-caption\">Personas concentradas en San Juan para marchar contra minera Fuente externa<\/figcaption><\/figure>\n\n\n\n<p class=\"wp-block-paragraph\">San Juan de la Maguana<\/p>\n\n\n\n<p class=\"wp-block-paragraph\" id=\"m54659-54658-54660\">Miles de personas se concentraron este domingo en San Juan de la Maguana en rechazo al Proyecto Romero, la iniciativa de extracci\u00f3n que impulsa la empresa canadiense GoldQuest.<\/p>\n","protected":false},"excerpt":{"rendered":"<p>El vocero Rub\u00e9n Moreta calific\u00f3 la marcha de este domingo como la mayor en la historia social de la provincia San Juan de la Maguana Miles de personas se concentraron este domingo en San Juan de la Maguana en rechazo al Proyecto Romero, la iniciativa de extracci\u00f3n que impulsa la empresa canadiense GoldQuest.<\/p>\n","protected":false},"author":2,"featured_media":8457,"comment_status":"open","ping_status":"open","sticky":false,"template":"","format":"standard","meta":{"_monsterinsights_skip_tracking":false,"footnotes":""},"categories":[25],"tags":[],"class_list":["post-8456","post","type-post","status-publish","format-standard","has-post-thumbnail","hentry","category-region-sur"],"aioseo_notices":[],"aioseo_head":"\n\t\t<!-- All in One SEO 4.9.10 - aioseo.com -->\n\t<meta name=\"description\" content=\"El vocero Rub\u00e9n Moreta calific\u00f3 la marcha de este domingo como la mayor en la historia social de la provincia San Juan de la Maguana Miles de personas se concentraron este domingo en San Juan de la Maguana en rechazo al Proyecto Romero, la iniciativa de extracci\u00f3n que impulsa la empresa canadiense GoldQuest.\" \/>\n\t<meta name=\"robots\" content=\"max-image-preview:large\" \/>\n\t<meta name=\"author\" content=\"Redacci\u00f3n\"\/>\n\t<link rel=\"canonical\" href=\"https:\/\/azuaalinstante.com\/index.php\/2026\/05\/04\/movimiento-antiminero-de-san-juan-dice-marcha-fue-un-exito\/\" \/>\n\t<meta name=\"generator\" content=\"All in One SEO (AIOSEO) 4.9.10\" \/>\n\t\t<meta property=\"og:locale\" content=\"es_ES\" \/>\n\t\t<meta property=\"og:site_name\" content=\"AZUA AL INSTANTE - SIEMPRE DETR\u00c1S DE LA NOTICIA!\" \/>\n\t\t<meta property=\"og:type\" content=\"article\" \/>\n\t\t<meta property=\"og:title\" content=\"Movimiento antiminero de San Juan dice marcha fue un \u00e9xito - AZUA AL INSTANTE\" \/>\n\t\t<meta property=\"og:description\" content=\"El vocero Rub\u00e9n Moreta calific\u00f3 la marcha de este domingo como la mayor en la historia social de la provincia San Juan de la Maguana Miles de personas se concentraron este domingo en San Juan de la Maguana en rechazo al Proyecto Romero, la iniciativa de extracci\u00f3n que impulsa la empresa canadiense GoldQuest.\" \/>\n\t\t<meta property=\"og:url\" content=\"https:\/\/azuaalinstante.com\/index.php\/2026\/05\/04\/movimiento-antiminero-de-san-juan-dice-marcha-fue-un-exito\/\" \/>\n\t\t<meta property=\"article:published_time\" content=\"2026-05-04T18:48:01+00:00\" \/>\n\t\t<meta property=\"article:modified_time\" content=\"2026-05-04T18:48:02+00:00\" \/>\n\t\t<meta name=\"twitter:card\" content=\"summary_large_image\" \/>\n\t\t<meta name=\"twitter:title\" content=\"Movimiento antiminero de San Juan dice marcha fue un \u00e9xito - AZUA AL INSTANTE\" \/>\n\t\t<meta name=\"twitter:description\" content=\"El vocero Rub\u00e9n Moreta calific\u00f3 la marcha de este domingo como la mayor en la historia social de la provincia San Juan de la Maguana Miles de personas se concentraron este domingo en San Juan de la Maguana en rechazo al Proyecto Romero, la iniciativa de extracci\u00f3n que impulsa la empresa canadiense GoldQuest.\" \/>\n\t\t<script type=\"application\/ld+json\" class=\"aioseo-schema\">\n\t\t\t{\"@context\":\"https:\\\/\\\/schema.org\",\"@graph\":[{\"@type\":\"BlogPosting\",\"@id\":\"https:\\\/\\\/azuaalinstante.com\\\/index.php\\\/2026\\\/05\\\/04\\\/movimiento-antiminero-de-san-juan-dice-marcha-fue-un-exito\\\/#blogposting\",\"name\":\"Movimiento antiminero de San Juan dice marcha fue un \\u00e9xito - AZUA AL INSTANTE\",\"headline\":\"Movimiento antiminero de San Juan dice marcha fue un \\u00e9xito\",\"author\":{\"@id\":\"https:\\\/\\\/azuaalinstante.com\\\/index.php\\\/author\\\/redaccion\\\/#author\"},\"publisher\":{\"@id\":\"https:\\\/\\\/azuaalinstante.com\\\/#organization\"},\"image\":{\"@type\":\"ImageObject\",\"url\":\"https:\\\/\\\/azuaalinstante.com\\\/wp-content\\\/uploads\\\/2026\\\/05\\\/69f7c7e12795f.jpeg\",\"width\":950,\"height\":465},\"datePublished\":\"2026-05-04T18:48:01+00:00\",\"dateModified\":\"2026-05-04T18:48:02+00:00\",\"inLanguage\":\"es-DO\",\"mainEntityOfPage\":{\"@id\":\"https:\\\/\\\/azuaalinstante.com\\\/index.php\\\/2026\\\/05\\\/04\\\/movimiento-antiminero-de-san-juan-dice-marcha-fue-un-exito\\\/#webpage\"},\"isPartOf\":{\"@id\":\"https:\\\/\\\/azuaalinstante.com\\\/index.php\\\/2026\\\/05\\\/04\\\/movimiento-antiminero-de-san-juan-dice-marcha-fue-un-exito\\\/#webpage\"},\"articleSection\":\"Regi\\u00f3n Sur\"},{\"@type\":\"BreadcrumbList\",\"@id\":\"https:\\\/\\\/azuaalinstante.com\\\/index.php\\\/2026\\\/05\\\/04\\\/movimiento-antiminero-de-san-juan-dice-marcha-fue-un-exito\\\/#breadcrumblist\",\"itemListElement\":[{\"@type\":\"ListItem\",\"@id\":\"https:\\\/\\\/azuaalinstante.com#listItem\",\"position\":1,\"name\":\"Home\",\"item\":\"https:\\\/\\\/azuaalinstante.com\",\"nextItem\":{\"@type\":\"ListItem\",\"@id\":\"https:\\\/\\\/azuaalinstante.com\\\/index.php\\\/category\\\/region-sur\\\/#listItem\",\"name\":\"Regi\\u00f3n Sur\"}},{\"@type\":\"ListItem\",\"@id\":\"https:\\\/\\\/azuaalinstante.com\\\/index.php\\\/category\\\/region-sur\\\/#listItem\",\"position\":2,\"name\":\"Regi\\u00f3n Sur\",\"item\":\"https:\\\/\\\/azuaalinstante.com\\\/index.php\\\/category\\\/region-sur\\\/\",\"nextItem\":{\"@type\":\"ListItem\",\"@id\":\"https:\\\/\\\/azuaalinstante.com\\\/index.php\\\/2026\\\/05\\\/04\\\/movimiento-antiminero-de-san-juan-dice-marcha-fue-un-exito\\\/#listItem\",\"name\":\"Movimiento antiminero de San Juan dice marcha fue un \\u00e9xito\"},\"previousItem\":{\"@type\":\"ListItem\",\"@id\":\"https:\\\/\\\/azuaalinstante.com#listItem\",\"name\":\"Home\"}},{\"@type\":\"ListItem\",\"@id\":\"https:\\\/\\\/azuaalinstante.com\\\/index.php\\\/2026\\\/05\\\/04\\\/movimiento-antiminero-de-san-juan-dice-marcha-fue-un-exito\\\/#listItem\",\"position\":3,\"name\":\"Movimiento antiminero de San Juan dice marcha fue un \\u00e9xito\",\"previousItem\":{\"@type\":\"ListItem\",\"@id\":\"https:\\\/\\\/azuaalinstante.com\\\/index.php\\\/category\\\/region-sur\\\/#listItem\",\"name\":\"Regi\\u00f3n Sur\"}}]},{\"@type\":\"Organization\",\"@id\":\"https:\\\/\\\/azuaalinstante.com\\\/#organization\",\"name\":\"AZUA AL INSTANTE\",\"description\":\"SIEMPRE DETR\\u00c1S DE LA NOTICIA!\",\"url\":\"https:\\\/\\\/azuaalinstante.com\\\/\"},{\"@type\":\"Person\",\"@id\":\"https:\\\/\\\/azuaalinstante.com\\\/index.php\\\/author\\\/redaccion\\\/#author\",\"url\":\"https:\\\/\\\/azuaalinstante.com\\\/index.php\\\/author\\\/redaccion\\\/\",\"name\":\"Redacci\\u00f3n\",\"image\":{\"@type\":\"ImageObject\",\"@id\":\"https:\\\/\\\/azuaalinstante.com\\\/index.php\\\/2026\\\/05\\\/04\\\/movimiento-antiminero-de-san-juan-dice-marcha-fue-un-exito\\\/#authorImage\",\"url\":\"https:\\\/\\\/secure.gravatar.com\\\/avatar\\\/d68b136e956cb2c839632b9025c3df5f0812f547e1ff3ca13ce11a5b13bf209c?s=96&d=mm&r=g\",\"width\":96,\"height\":96,\"caption\":\"Redacci\\u00f3n\"}},{\"@type\":\"WebPage\",\"@id\":\"https:\\\/\\\/azuaalinstante.com\\\/index.php\\\/2026\\\/05\\\/04\\\/movimiento-antiminero-de-san-juan-dice-marcha-fue-un-exito\\\/#webpage\",\"url\":\"https:\\\/\\\/azuaalinstante.com\\\/index.php\\\/2026\\\/05\\\/04\\\/movimiento-antiminero-de-san-juan-dice-marcha-fue-un-exito\\\/\",\"name\":\"Movimiento antiminero de San Juan dice marcha fue un \\u00e9xito - AZUA AL INSTANTE\",\"description\":\"El vocero Rub\\u00e9n Moreta calific\\u00f3 la marcha de este domingo como la mayor en la historia social de la provincia San Juan de la Maguana Miles de personas se concentraron este domingo en San Juan de la Maguana en rechazo al Proyecto Romero, la iniciativa de extracci\\u00f3n que impulsa la empresa canadiense GoldQuest.\",\"inLanguage\":\"es-DO\",\"isPartOf\":{\"@id\":\"https:\\\/\\\/azuaalinstante.com\\\/#website\"},\"breadcrumb\":{\"@id\":\"https:\\\/\\\/azuaalinstante.com\\\/index.php\\\/2026\\\/05\\\/04\\\/movimiento-antiminero-de-san-juan-dice-marcha-fue-un-exito\\\/#breadcrumblist\"},\"author\":{\"@id\":\"https:\\\/\\\/azuaalinstante.com\\\/index.php\\\/author\\\/redaccion\\\/#author\"},\"creator\":{\"@id\":\"https:\\\/\\\/azuaalinstante.com\\\/index.php\\\/author\\\/redaccion\\\/#author\"},\"image\":{\"@type\":\"ImageObject\",\"url\":\"https:\\\/\\\/azuaalinstante.com\\\/wp-content\\\/uploads\\\/2026\\\/05\\\/69f7c7e12795f.jpeg\",\"@id\":\"https:\\\/\\\/azuaalinstante.com\\\/index.php\\\/2026\\\/05\\\/04\\\/movimiento-antiminero-de-san-juan-dice-marcha-fue-un-exito\\\/#mainImage\",\"width\":950,\"height\":465},\"primaryImageOfPage\":{\"@id\":\"https:\\\/\\\/azuaalinstante.com\\\/index.php\\\/2026\\\/05\\\/04\\\/movimiento-antiminero-de-san-juan-dice-marcha-fue-un-exito\\\/#mainImage\"},\"datePublished\":\"2026-05-04T18:48:01+00:00\",\"dateModified\":\"2026-05-04T18:48:02+00:00\"},{\"@type\":\"WebSite\",\"@id\":\"https:\\\/\\\/azuaalinstante.com\\\/#website\",\"url\":\"https:\\\/\\\/azuaalinstante.com\\\/\",\"name\":\"AZUA AL INSTANTE\",\"description\":\"SIEMPRE DETR\\u00c1S DE LA NOTICIA!\",\"inLanguage\":\"es-DO\",\"publisher\":{\"@id\":\"https:\\\/\\\/azuaalinstante.com\\\/#organization\"}}]}\n\t\t<\/script>\n\t\t<!-- All in One SEO -->\n\n","aioseo_head_json":{"title":"Movimiento antiminero de San Juan dice marcha fue un \u00e9xito - AZUA AL INSTANTE","description":"El vocero Rub\u00e9n Moreta calific\u00f3 la marcha de este domingo como la mayor en la historia social de la provincia San Juan de la Maguana Miles de personas se concentraron este domingo en San Juan de la Maguana en rechazo al Proyecto Romero, la iniciativa de extracci\u00f3n que impulsa la empresa canadiense GoldQuest.","canonical_url":"https:\/\/azuaalinstante.com\/index.php\/2026\/05\/04\/movimiento-antiminero-de-san-juan-dice-marcha-fue-un-exito\/","robots":"max-image-preview:large","keywords":"","webmasterTools":{"miscellaneous":""},"schema":{"@context":"https:\/\/schema.org","@graph":[{"@type":"BlogPosting","@id":"https:\/\/azuaalinstante.com\/index.php\/2026\/05\/04\/movimiento-antiminero-de-san-juan-dice-marcha-fue-un-exito\/#blogposting","name":"Movimiento antiminero de San Juan dice marcha fue un \u00e9xito - AZUA AL INSTANTE","headline":"Movimiento antiminero de San Juan dice marcha fue un \u00e9xito","author":{"@id":"https:\/\/azuaalinstante.com\/index.php\/author\/redaccion\/#author"},"publisher":{"@id":"https:\/\/azuaalinstante.com\/#organization"},"image":{"@type":"ImageObject","url":"https:\/\/azuaalinstante.com\/wp-content\/uploads\/2026\/05\/69f7c7e12795f.jpeg","width":950,"height":465},"datePublished":"2026-05-04T18:48:01+00:00","dateModified":"2026-05-04T18:48:02+00:00","inLanguage":"es-DO","mainEntityOfPage":{"@id":"https:\/\/azuaalinstante.com\/index.php\/2026\/05\/04\/movimiento-antiminero-de-san-juan-dice-marcha-fue-un-exito\/#webpage"},"isPartOf":{"@id":"https:\/\/azuaalinstante.com\/index.php\/2026\/05\/04\/movimiento-antiminero-de-san-juan-dice-marcha-fue-un-exito\/#webpage"},"articleSection":"Regi\u00f3n Sur"},{"@type":"BreadcrumbList","@id":"https:\/\/azuaalinstante.com\/index.php\/2026\/05\/04\/movimiento-antiminero-de-san-juan-dice-marcha-fue-un-exito\/#breadcrumblist","itemListElement":[{"@type":"ListItem","@id":"https:\/\/azuaalinstante.com#listItem","position":1,"name":"Home","item":"https:\/\/azuaalinstante.com","nextItem":{"@type":"ListItem","@id":"https:\/\/azuaalinstante.com\/index.php\/category\/region-sur\/#listItem","name":"Regi\u00f3n Sur"}},{"@type":"ListItem","@id":"https:\/\/azuaalinstante.com\/index.php\/category\/region-sur\/#listItem","position":2,"name":"Regi\u00f3n Sur","item":"https:\/\/azuaalinstante.com\/index.php\/category\/region-sur\/","nextItem":{"@type":"ListItem","@id":"https:\/\/azuaalinstante.com\/index.php\/2026\/05\/04\/movimiento-antiminero-de-san-juan-dice-marcha-fue-un-exito\/#listItem","name":"Movimiento antiminero de San Juan dice marcha fue un \u00e9xito"},"previousItem":{"@type":"ListItem","@id":"https:\/\/azuaalinstante.com#listItem","name":"Home"}},{"@type":"ListItem","@id":"https:\/\/azuaalinstante.com\/index.php\/2026\/05\/04\/movimiento-antiminero-de-san-juan-dice-marcha-fue-un-exito\/#listItem","position":3,"name":"Movimiento antiminero de San Juan dice marcha fue un \u00e9xito","previousItem":{"@type":"ListItem","@id":"https:\/\/azuaalinstante.com\/index.php\/category\/region-sur\/#listItem","name":"Regi\u00f3n Sur"}}]},{"@type":"Organization","@id":"https:\/\/azuaalinstante.com\/#organization","name":"AZUA AL INSTANTE","description":"SIEMPRE DETR\u00c1S DE LA NOTICIA!","url":"https:\/\/azuaalinstante.com\/"},{"@type":"Person","@id":"https:\/\/azuaalinstante.com\/index.php\/author\/redaccion\/#author","url":"https:\/\/azuaalinstante.com\/index.php\/author\/redaccion\/","name":"Redacci\u00f3n","image":{"@type":"ImageObject","@id":"https:\/\/azuaalinstante.com\/index.php\/2026\/05\/04\/movimiento-antiminero-de-san-juan-dice-marcha-fue-un-exito\/#authorImage","url":"https:\/\/secure.gravatar.com\/avatar\/d68b136e956cb2c839632b9025c3df5f0812f547e1ff3ca13ce11a5b13bf209c?s=96&d=mm&r=g","width":96,"height":96,"caption":"Redacci\u00f3n"}},{"@type":"WebPage","@id":"https:\/\/azuaalinstante.com\/index.php\/2026\/05\/04\/movimiento-antiminero-de-san-juan-dice-marcha-fue-un-exito\/#webpage","url":"https:\/\/azuaalinstante.com\/index.php\/2026\/05\/04\/movimiento-antiminero-de-san-juan-dice-marcha-fue-un-exito\/","name":"Movimiento antiminero de San Juan dice marcha fue un \u00e9xito - AZUA AL INSTANTE","description":"El vocero Rub\u00e9n Moreta calific\u00f3 la marcha de este domingo como la mayor en la historia social de la provincia San Juan de la Maguana Miles de personas se concentraron este domingo en San Juan de la Maguana en rechazo al Proyecto Romero, la iniciativa de extracci\u00f3n que impulsa la empresa canadiense GoldQuest.","inLanguage":"es-DO","isPartOf":{"@id":"https:\/\/azuaalinstante.com\/#website"},"breadcrumb":{"@id":"https:\/\/azuaalinstante.com\/index.php\/2026\/05\/04\/movimiento-antiminero-de-san-juan-dice-marcha-fue-un-exito\/#breadcrumblist"},"author":{"@id":"https:\/\/azuaalinstante.com\/index.php\/author\/redaccion\/#author"},"creator":{"@id":"https:\/\/azuaalinstante.com\/index.php\/author\/redaccion\/#author"},"image":{"@type":"ImageObject","url":"https:\/\/azuaalinstante.com\/wp-content\/uploads\/2026\/05\/69f7c7e12795f.jpeg","@id":"https:\/\/azuaalinstante.com\/index.php\/2026\/05\/04\/movimiento-antiminero-de-san-juan-dice-marcha-fue-un-exito\/#mainImage","width":950,"height":465},"primaryImageOfPage":{"@id":"https:\/\/azuaalinstante.com\/index.php\/2026\/05\/04\/movimiento-antiminero-de-san-juan-dice-marcha-fue-un-exito\/#mainImage"},"datePublished":"2026-05-04T18:48:01+00:00","dateModified":"2026-05-04T18:48:02+00:00"},{"@type":"WebSite","@id":"https:\/\/azuaalinstante.com\/#website","url":"https:\/\/azuaalinstante.com\/","name":"AZUA AL INSTANTE","description":"SIEMPRE DETR\u00c1S DE LA NOTICIA!","inLanguage":"es-DO","publisher":{"@id":"https:\/\/azuaalinstante.com\/#organization"}}]},"og:locale":"es_ES","og:site_name":"AZUA AL INSTANTE - SIEMPRE DETR\u00c1S DE LA NOTICIA!","og:type":"article","og:title":"Movimiento antiminero de San Juan dice marcha fue un \u00e9xito - AZUA AL INSTANTE","og:description":"El vocero Rub\u00e9n Moreta calific\u00f3 la marcha de este domingo como la mayor en la historia social de la provincia San Juan de la Maguana Miles de personas se concentraron este domingo en San Juan de la Maguana en rechazo al Proyecto Romero, la iniciativa de extracci\u00f3n que impulsa la empresa canadiense GoldQuest.","og:url":"https:\/\/azuaalinstante.com\/index.php\/2026\/05\/04\/movimiento-antiminero-de-san-juan-dice-marcha-fue-un-exito\/","article:published_time":"2026-05-04T18:48:01+00:00","article:modified_time":"2026-05-04T18:48:02+00:00","twitter:card":"summary_large_image","twitter:title":"Movimiento antiminero de San Juan dice marcha fue un \u00e9xito - AZUA AL INSTANTE","twitter:description":"El vocero Rub\u00e9n Moreta calific\u00f3 la marcha de este domingo como la mayor en la historia social de la provincia San Juan de la Maguana Miles de personas se concentraron este domingo en San Juan de la Maguana en rechazo al Proyecto Romero, la iniciativa de extracci\u00f3n que impulsa la empresa canadiense GoldQuest."},"aioseo_meta_data":{"post_id":"8456","title":null,"description":null,"keywords":null,"keyphrases":{"focus":{"keyphrase":"","score":0,"analysis":{"keyphraseInTitle":{"score":0,"maxScore":9,"error":1}}},"additional":[]},"primary_term":null,"canonical_url":null,"og_title":null,"og_description":null,"og_object_type":"default","og_image_type":"default","og_image_url":null,"og_image_width":null,"og_image_height":null,"og_image_custom_url":null,"og_image_custom_fields":null,"og_video":"","og_custom_url":null,"og_article_section":null,"og_article_tags":null,"twitter_use_og":false,"twitter_card":"default","twitter_image_type":"default","twitter_image_url":null,"twitter_image_custom_url":null,"twitter_image_custom_fields":null,"twitter_title":null,"twitter_description":null,"schema":{"blockGraphs":[],"customGraphs":[],"default":{"data":{"Article":[],"Course":[],"Dataset":[],"FAQPage":[],"Movie":[],"Person":[],"Product":[],"ProductReview":[],"Car":[],"Recipe":[],"Service":[],"SoftwareApplication":[],"WebPage":[]},"graphName":"BlogPosting","isEnabled":true},"graphs":[]},"schema_type":"default","schema_type_options":null,"pillar_content":false,"robots_default":true,"robots_noindex":false,"robots_noarchive":false,"robots_nosnippet":false,"robots_nofollow":false,"robots_noimageindex":false,"robots_noodp":false,"robots_notranslate":false,"robots_max_snippet":"-1","robots_max_videopreview":"-1","robots_max_imagepreview":"large","priority":null,"frequency":"default","local_seo":null,"breadcrumb_settings":null,"limit_modified_date":false,"ai":{"faqs":[],"keyPoints":[],"titles":[],"descriptions":[],"socialPosts":{"email":[],"linkedin":[],"twitter":[],"facebook":[],"instagram":[]}},"created":"2026-05-04 18:48:02","updated":"2026-05-04 19:00:50","seo_analyzer_scan_date":null},"aioseo_breadcrumb":"<div class=\"aioseo-breadcrumbs\"><span class=\"aioseo-breadcrumb\">\n\t\t\t<a href=\"https:\/\/azuaalinstante.com\" title=\"Home\">Home<\/a>\n\t\t<\/span><span class=\"aioseo-breadcrumb-separator\">&raquo;<\/span><span class=\"aioseo-breadcrumb\">\n\t\t\t<a href=\"https:\/\/azuaalinstante.com\/index.php\/category\/region-sur\/\" title=\"Regi\u00f3n Sur\">Regi\u00f3n Sur<\/a>\n\t\t<\/span><span class=\"aioseo-breadcrumb-separator\">&raquo;<\/span><span class=\"aioseo-breadcrumb\">\n\t\t\tMovimiento antiminero de San Juan dice marcha fue un \u00e9xito\n\t\t<\/span><\/div>","aioseo_breadcrumb_json":[{"label":"Home","link":"https:\/\/azuaalinstante.com"},{"label":"Regi\u00f3n Sur","link":"https:\/\/azuaalinstante.com\/index.php\/category\/region-sur\/"},{"label":"Movimiento antiminero de San Juan dice marcha fue un \u00e9xito","link":"https:\/\/azuaalinstante.com\/index.php\/2026\/05\/04\/movimiento-antiminero-de-san-juan-dice-marcha-fue-un-exito\/"}],"_links":{"self":[{"href":"https:\/\/azuaalinstante.com\/index.php\/wp-json\/wp\/v2\/posts\/8456","targetHints":{"allow":["GET"]}}],"collection":[{"href":"https:\/\/azuaalinstante.com\/index.php\/wp-json\/wp\/v2\/posts"}],"about":[{"href":"https:\/\/azuaalinstante.com\/index.php\/wp-json\/wp\/v2\/types\/post"}],"author":[{"embeddable":true,"href":"https:\/\/azuaalinstante.com\/index.php\/wp-json\/wp\/v2\/users\/2"}],"replies":[{"embeddable":true,"href":"https:\/\/azuaalinstante.com\/index.php\/wp-json\/wp\/v2\/comments?post=8456"}],"version-history":[{"count":1,"href":"https:\/\/azuaalinstante.com\/index.php\/wp-json\/wp\/v2\/posts\/8456\/revisions"}],"predecessor-version":[{"id":8458,"href":"https:\/\/azuaalinstante.com\/index.php\/wp-json\/wp\/v2\/posts\/8456\/revisions\/8458"}],"wp:featuredmedia":[{"embeddable":true,"href":"https:\/\/azuaalinstante.com\/index.php\/wp-json\/wp\/v2\/media\/8457"}],"wp:attachment":[{"href":"https:\/\/azuaalinstante.com\/index.php\/wp-json\/wp\/v2\/media?parent=8456"}],"wp:term":[{"taxonomy":"category","embeddable":true,"href":"https:\/\/azuaalinstante.com\/index.php\/wp-json\/wp\/v2\/categories?post=8456"},{"taxonomy":"post_tag","embeddable":true,"href":"https:\/\/azuaalinstante.com\/index.php\/wp-json\/wp\/v2\/tags?post=8456"}],"curies":[{"name":"wp","href":"https:\/\/api.w.org\/{rel}","templated":true}]}}