{"id":8529,"date":"2026-05-05T17:41:02","date_gmt":"2026-05-05T17:41:02","guid":{"rendered":"https:\/\/azuaalinstante.com\/?p=8529"},"modified":"2026-05-05T17:41:03","modified_gmt":"2026-05-05T17:41:03","slug":"conep-en-desacuerdo-con-detencion-inmediata-de-proyecto-minero-en-san-juan","status":"publish","type":"post","link":"https:\/\/azuaalinstante.com\/index.php\/2026\/05\/05\/conep-en-desacuerdo-con-detencion-inmediata-de-proyecto-minero-en-san-juan\/","title":{"rendered":"Conep en desacuerdo con \u201cdetenci\u00f3n inmediata\u201d de proyecto minero en San Juan"},"content":{"rendered":"\n<h2 class=\"wp-block-heading\">A trav\u00e9s de su cuenta de X, el vicepresidente ejecutivo y vocero oficial del Conep, Cesar Dargam, manifest\u00f3 que la Rep\u00fablica Dominicana posee un \u201cpotencial minero inmenso\u201d.<\/h2>\n\n\n\n<ul class=\"wp-block-list\">\n<li><\/li>\n<\/ul>\n\n\n\n<figure class=\"wp-block-image\"><img decoding=\"async\" src=\"https:\/\/listindiario.com\/files\/vertical_main_image\/uploads\/2026\/04\/27\/69f00c6bd7486.png\" alt=\"La mina de oro y otros recursos est\u00e1 ubicada en las monta\u00f1as de San Juan.\"\/><figcaption class=\"wp-element-caption\">La mina de oro y otros recursos est\u00e1 ubicada en las monta\u00f1as de San Juan.<\/figcaption><\/figure>\n\n\n\n<p class=\"wp-block-paragraph\" id=\"m11490-11489-11491\">El Consejo Nacional de la Empresa Privada (Conep) se mostr\u00f3 en desacuerdo con la decisi\u00f3n del presidente Luis Abinader de detener \u201cde manera inmediata\u201d de \u201ccualquier actividad\u201d relacionada con el proyecto minero Romero en la provincia de San Juan.<\/p>\n","protected":false},"excerpt":{"rendered":"<p>A trav\u00e9s de su cuenta de X, el vicepresidente ejecutivo y vocero oficial del Conep, Cesar Dargam, manifest\u00f3 que la Rep\u00fablica Dominicana posee un \u201cpotencial minero inmenso\u201d. El Consejo Nacional de la Empresa Privada (Conep) se mostr\u00f3 en desacuerdo con la decisi\u00f3n del presidente Luis Abinader de detener \u201cde manera inmediata\u201d de \u201ccualquier actividad\u201d relacionada [&hellip;]<\/p>\n","protected":false},"author":2,"featured_media":8530,"comment_status":"open","ping_status":"open","sticky":false,"template":"","format":"standard","meta":{"_monsterinsights_skip_tracking":false,"footnotes":""},"categories":[25],"tags":[],"class_list":["post-8529","post","type-post","status-publish","format-standard","has-post-thumbnail","hentry","category-region-sur"],"aioseo_notices":[],"aioseo_head":"\n\t\t<!-- All in One SEO 4.9.10 - aioseo.com -->\n\t<meta name=\"description\" content=\"A trav\u00e9s de su cuenta de X, el vicepresidente ejecutivo y vocero oficial del Conep, Cesar Dargam, manifest\u00f3 que la Rep\u00fablica Dominicana posee un \u201cpotencial minero inmenso\u201d. El Consejo Nacional de la Empresa Privada (Conep) se mostr\u00f3 en desacuerdo con la decisi\u00f3n del presidente Luis Abinader de detener \u201cde manera inmediata\u201d de \u201ccualquier actividad\u201d relacionada\" \/>\n\t<meta name=\"robots\" content=\"max-image-preview:large\" \/>\n\t<meta name=\"author\" content=\"Redacci\u00f3n\"\/>\n\t<link rel=\"canonical\" href=\"https:\/\/azuaalinstante.com\/index.php\/2026\/05\/05\/conep-en-desacuerdo-con-detencion-inmediata-de-proyecto-minero-en-san-juan\/\" \/>\n\t<meta name=\"generator\" content=\"All in One SEO (AIOSEO) 4.9.10\" \/>\n\t\t<meta property=\"og:locale\" content=\"es_ES\" \/>\n\t\t<meta property=\"og:site_name\" content=\"AZUA AL INSTANTE - SIEMPRE DETR\u00c1S DE LA NOTICIA!\" \/>\n\t\t<meta property=\"og:type\" content=\"article\" \/>\n\t\t<meta property=\"og:title\" content=\"Conep en desacuerdo con \u201cdetenci\u00f3n inmediata\u201d de proyecto minero en San Juan - AZUA AL INSTANTE\" \/>\n\t\t<meta property=\"og:description\" content=\"A trav\u00e9s de su cuenta de X, el vicepresidente ejecutivo y vocero oficial del Conep, Cesar Dargam, manifest\u00f3 que la Rep\u00fablica Dominicana posee un \u201cpotencial minero inmenso\u201d. El Consejo Nacional de la Empresa Privada (Conep) se mostr\u00f3 en desacuerdo con la decisi\u00f3n del presidente Luis Abinader de detener \u201cde manera inmediata\u201d de \u201ccualquier actividad\u201d relacionada\" \/>\n\t\t<meta property=\"og:url\" content=\"https:\/\/azuaalinstante.com\/index.php\/2026\/05\/05\/conep-en-desacuerdo-con-detencion-inmediata-de-proyecto-minero-en-san-juan\/\" \/>\n\t\t<meta property=\"article:published_time\" content=\"2026-05-05T17:41:02+00:00\" \/>\n\t\t<meta property=\"article:modified_time\" content=\"2026-05-05T17:41:03+00:00\" \/>\n\t\t<meta name=\"twitter:card\" content=\"summary_large_image\" \/>\n\t\t<meta name=\"twitter:title\" content=\"Conep en desacuerdo con \u201cdetenci\u00f3n inmediata\u201d de proyecto minero en San Juan - AZUA AL INSTANTE\" \/>\n\t\t<meta name=\"twitter:description\" content=\"A trav\u00e9s de su cuenta de X, el vicepresidente ejecutivo y vocero oficial del Conep, Cesar Dargam, manifest\u00f3 que la Rep\u00fablica Dominicana posee un \u201cpotencial minero inmenso\u201d. El Consejo Nacional de la Empresa Privada (Conep) se mostr\u00f3 en desacuerdo con la decisi\u00f3n del presidente Luis Abinader de detener \u201cde manera inmediata\u201d de \u201ccualquier actividad\u201d relacionada\" \/>\n\t\t<script type=\"application\/ld+json\" class=\"aioseo-schema\">\n\t\t\t{\"@context\":\"https:\\\/\\\/schema.org\",\"@graph\":[{\"@type\":\"BlogPosting\",\"@id\":\"https:\\\/\\\/azuaalinstante.com\\\/index.php\\\/2026\\\/05\\\/05\\\/conep-en-desacuerdo-con-detencion-inmediata-de-proyecto-minero-en-san-juan\\\/#blogposting\",\"name\":\"Conep en desacuerdo con \\u201cdetenci\\u00f3n inmediata\\u201d de proyecto minero en San Juan - AZUA AL INSTANTE\",\"headline\":\"Conep en desacuerdo con \\u201cdetenci\\u00f3n inmediata\\u201d de proyecto minero en San Juan\",\"author\":{\"@id\":\"https:\\\/\\\/azuaalinstante.com\\\/index.php\\\/author\\\/redaccion\\\/#author\"},\"publisher\":{\"@id\":\"https:\\\/\\\/azuaalinstante.com\\\/#organization\"},\"image\":{\"@type\":\"ImageObject\",\"url\":\"https:\\\/\\\/azuaalinstante.com\\\/wp-content\\\/uploads\\\/2026\\\/05\\\/69f00c6bd7486.png\",\"width\":800,\"height\":593},\"datePublished\":\"2026-05-05T17:41:02+00:00\",\"dateModified\":\"2026-05-05T17:41:03+00:00\",\"inLanguage\":\"es-DO\",\"mainEntityOfPage\":{\"@id\":\"https:\\\/\\\/azuaalinstante.com\\\/index.php\\\/2026\\\/05\\\/05\\\/conep-en-desacuerdo-con-detencion-inmediata-de-proyecto-minero-en-san-juan\\\/#webpage\"},\"isPartOf\":{\"@id\":\"https:\\\/\\\/azuaalinstante.com\\\/index.php\\\/2026\\\/05\\\/05\\\/conep-en-desacuerdo-con-detencion-inmediata-de-proyecto-minero-en-san-juan\\\/#webpage\"},\"articleSection\":\"Regi\\u00f3n Sur\"},{\"@type\":\"BreadcrumbList\",\"@id\":\"https:\\\/\\\/azuaalinstante.com\\\/index.php\\\/2026\\\/05\\\/05\\\/conep-en-desacuerdo-con-detencion-inmediata-de-proyecto-minero-en-san-juan\\\/#breadcrumblist\",\"itemListElement\":[{\"@type\":\"ListItem\",\"@id\":\"https:\\\/\\\/azuaalinstante.com#listItem\",\"position\":1,\"name\":\"Home\",\"item\":\"https:\\\/\\\/azuaalinstante.com\",\"nextItem\":{\"@type\":\"ListItem\",\"@id\":\"https:\\\/\\\/azuaalinstante.com\\\/index.php\\\/category\\\/region-sur\\\/#listItem\",\"name\":\"Regi\\u00f3n Sur\"}},{\"@type\":\"ListItem\",\"@id\":\"https:\\\/\\\/azuaalinstante.com\\\/index.php\\\/category\\\/region-sur\\\/#listItem\",\"position\":2,\"name\":\"Regi\\u00f3n Sur\",\"item\":\"https:\\\/\\\/azuaalinstante.com\\\/index.php\\\/category\\\/region-sur\\\/\",\"nextItem\":{\"@type\":\"ListItem\",\"@id\":\"https:\\\/\\\/azuaalinstante.com\\\/index.php\\\/2026\\\/05\\\/05\\\/conep-en-desacuerdo-con-detencion-inmediata-de-proyecto-minero-en-san-juan\\\/#listItem\",\"name\":\"Conep en desacuerdo con \\u201cdetenci\\u00f3n inmediata\\u201d de proyecto minero en San Juan\"},\"previousItem\":{\"@type\":\"ListItem\",\"@id\":\"https:\\\/\\\/azuaalinstante.com#listItem\",\"name\":\"Home\"}},{\"@type\":\"ListItem\",\"@id\":\"https:\\\/\\\/azuaalinstante.com\\\/index.php\\\/2026\\\/05\\\/05\\\/conep-en-desacuerdo-con-detencion-inmediata-de-proyecto-minero-en-san-juan\\\/#listItem\",\"position\":3,\"name\":\"Conep en desacuerdo con \\u201cdetenci\\u00f3n inmediata\\u201d de proyecto minero en San Juan\",\"previousItem\":{\"@type\":\"ListItem\",\"@id\":\"https:\\\/\\\/azuaalinstante.com\\\/index.php\\\/category\\\/region-sur\\\/#listItem\",\"name\":\"Regi\\u00f3n Sur\"}}]},{\"@type\":\"Organization\",\"@id\":\"https:\\\/\\\/azuaalinstante.com\\\/#organization\",\"name\":\"AZUA AL INSTANTE\",\"description\":\"SIEMPRE DETR\\u00c1S DE LA NOTICIA!\",\"url\":\"https:\\\/\\\/azuaalinstante.com\\\/\"},{\"@type\":\"Person\",\"@id\":\"https:\\\/\\\/azuaalinstante.com\\\/index.php\\\/author\\\/redaccion\\\/#author\",\"url\":\"https:\\\/\\\/azuaalinstante.com\\\/index.php\\\/author\\\/redaccion\\\/\",\"name\":\"Redacci\\u00f3n\",\"image\":{\"@type\":\"ImageObject\",\"@id\":\"https:\\\/\\\/azuaalinstante.com\\\/index.php\\\/2026\\\/05\\\/05\\\/conep-en-desacuerdo-con-detencion-inmediata-de-proyecto-minero-en-san-juan\\\/#authorImage\",\"url\":\"https:\\\/\\\/secure.gravatar.com\\\/avatar\\\/d68b136e956cb2c839632b9025c3df5f0812f547e1ff3ca13ce11a5b13bf209c?s=96&d=mm&r=g\",\"width\":96,\"height\":96,\"caption\":\"Redacci\\u00f3n\"}},{\"@type\":\"WebPage\",\"@id\":\"https:\\\/\\\/azuaalinstante.com\\\/index.php\\\/2026\\\/05\\\/05\\\/conep-en-desacuerdo-con-detencion-inmediata-de-proyecto-minero-en-san-juan\\\/#webpage\",\"url\":\"https:\\\/\\\/azuaalinstante.com\\\/index.php\\\/2026\\\/05\\\/05\\\/conep-en-desacuerdo-con-detencion-inmediata-de-proyecto-minero-en-san-juan\\\/\",\"name\":\"Conep en desacuerdo con \\u201cdetenci\\u00f3n inmediata\\u201d de proyecto minero en San Juan - AZUA AL INSTANTE\",\"description\":\"A trav\\u00e9s de su cuenta de X, el vicepresidente ejecutivo y vocero oficial del Conep, Cesar Dargam, manifest\\u00f3 que la Rep\\u00fablica Dominicana posee un \\u201cpotencial minero inmenso\\u201d. El Consejo Nacional de la Empresa Privada (Conep) se mostr\\u00f3 en desacuerdo con la decisi\\u00f3n del presidente Luis Abinader de detener \\u201cde manera inmediata\\u201d de \\u201ccualquier actividad\\u201d relacionada\",\"inLanguage\":\"es-DO\",\"isPartOf\":{\"@id\":\"https:\\\/\\\/azuaalinstante.com\\\/#website\"},\"breadcrumb\":{\"@id\":\"https:\\\/\\\/azuaalinstante.com\\\/index.php\\\/2026\\\/05\\\/05\\\/conep-en-desacuerdo-con-detencion-inmediata-de-proyecto-minero-en-san-juan\\\/#breadcrumblist\"},\"author\":{\"@id\":\"https:\\\/\\\/azuaalinstante.com\\\/index.php\\\/author\\\/redaccion\\\/#author\"},\"creator\":{\"@id\":\"https:\\\/\\\/azuaalinstante.com\\\/index.php\\\/author\\\/redaccion\\\/#author\"},\"image\":{\"@type\":\"ImageObject\",\"url\":\"https:\\\/\\\/azuaalinstante.com\\\/wp-content\\\/uploads\\\/2026\\\/05\\\/69f00c6bd7486.png\",\"@id\":\"https:\\\/\\\/azuaalinstante.com\\\/index.php\\\/2026\\\/05\\\/05\\\/conep-en-desacuerdo-con-detencion-inmediata-de-proyecto-minero-en-san-juan\\\/#mainImage\",\"width\":800,\"height\":593},\"primaryImageOfPage\":{\"@id\":\"https:\\\/\\\/azuaalinstante.com\\\/index.php\\\/2026\\\/05\\\/05\\\/conep-en-desacuerdo-con-detencion-inmediata-de-proyecto-minero-en-san-juan\\\/#mainImage\"},\"datePublished\":\"2026-05-05T17:41:02+00:00\",\"dateModified\":\"2026-05-05T17:41:03+00:00\"},{\"@type\":\"WebSite\",\"@id\":\"https:\\\/\\\/azuaalinstante.com\\\/#website\",\"url\":\"https:\\\/\\\/azuaalinstante.com\\\/\",\"name\":\"AZUA AL INSTANTE\",\"description\":\"SIEMPRE DETR\\u00c1S DE LA NOTICIA!\",\"inLanguage\":\"es-DO\",\"publisher\":{\"@id\":\"https:\\\/\\\/azuaalinstante.com\\\/#organization\"}}]}\n\t\t<\/script>\n\t\t<!-- All in One SEO -->\n\n","aioseo_head_json":{"title":"Conep en desacuerdo con \u201cdetenci\u00f3n inmediata\u201d de proyecto minero en San Juan - AZUA AL INSTANTE","description":"A trav\u00e9s de su cuenta de X, el vicepresidente ejecutivo y vocero oficial del Conep, Cesar Dargam, manifest\u00f3 que la Rep\u00fablica Dominicana posee un \u201cpotencial minero inmenso\u201d. El Consejo Nacional de la Empresa Privada (Conep) se mostr\u00f3 en desacuerdo con la decisi\u00f3n del presidente Luis Abinader de detener \u201cde manera inmediata\u201d de \u201ccualquier actividad\u201d relacionada","canonical_url":"https:\/\/azuaalinstante.com\/index.php\/2026\/05\/05\/conep-en-desacuerdo-con-detencion-inmediata-de-proyecto-minero-en-san-juan\/","robots":"max-image-preview:large","keywords":"","webmasterTools":{"miscellaneous":""},"schema":{"@context":"https:\/\/schema.org","@graph":[{"@type":"BlogPosting","@id":"https:\/\/azuaalinstante.com\/index.php\/2026\/05\/05\/conep-en-desacuerdo-con-detencion-inmediata-de-proyecto-minero-en-san-juan\/#blogposting","name":"Conep en desacuerdo con \u201cdetenci\u00f3n inmediata\u201d de proyecto minero en San Juan - AZUA AL INSTANTE","headline":"Conep en desacuerdo con \u201cdetenci\u00f3n inmediata\u201d de proyecto minero en San Juan","author":{"@id":"https:\/\/azuaalinstante.com\/index.php\/author\/redaccion\/#author"},"publisher":{"@id":"https:\/\/azuaalinstante.com\/#organization"},"image":{"@type":"ImageObject","url":"https:\/\/azuaalinstante.com\/wp-content\/uploads\/2026\/05\/69f00c6bd7486.png","width":800,"height":593},"datePublished":"2026-05-05T17:41:02+00:00","dateModified":"2026-05-05T17:41:03+00:00","inLanguage":"es-DO","mainEntityOfPage":{"@id":"https:\/\/azuaalinstante.com\/index.php\/2026\/05\/05\/conep-en-desacuerdo-con-detencion-inmediata-de-proyecto-minero-en-san-juan\/#webpage"},"isPartOf":{"@id":"https:\/\/azuaalinstante.com\/index.php\/2026\/05\/05\/conep-en-desacuerdo-con-detencion-inmediata-de-proyecto-minero-en-san-juan\/#webpage"},"articleSection":"Regi\u00f3n Sur"},{"@type":"BreadcrumbList","@id":"https:\/\/azuaalinstante.com\/index.php\/2026\/05\/05\/conep-en-desacuerdo-con-detencion-inmediata-de-proyecto-minero-en-san-juan\/#breadcrumblist","itemListElement":[{"@type":"ListItem","@id":"https:\/\/azuaalinstante.com#listItem","position":1,"name":"Home","item":"https:\/\/azuaalinstante.com","nextItem":{"@type":"ListItem","@id":"https:\/\/azuaalinstante.com\/index.php\/category\/region-sur\/#listItem","name":"Regi\u00f3n Sur"}},{"@type":"ListItem","@id":"https:\/\/azuaalinstante.com\/index.php\/category\/region-sur\/#listItem","position":2,"name":"Regi\u00f3n Sur","item":"https:\/\/azuaalinstante.com\/index.php\/category\/region-sur\/","nextItem":{"@type":"ListItem","@id":"https:\/\/azuaalinstante.com\/index.php\/2026\/05\/05\/conep-en-desacuerdo-con-detencion-inmediata-de-proyecto-minero-en-san-juan\/#listItem","name":"Conep en desacuerdo con \u201cdetenci\u00f3n inmediata\u201d de proyecto minero en San Juan"},"previousItem":{"@type":"ListItem","@id":"https:\/\/azuaalinstante.com#listItem","name":"Home"}},{"@type":"ListItem","@id":"https:\/\/azuaalinstante.com\/index.php\/2026\/05\/05\/conep-en-desacuerdo-con-detencion-inmediata-de-proyecto-minero-en-san-juan\/#listItem","position":3,"name":"Conep en desacuerdo con \u201cdetenci\u00f3n inmediata\u201d de proyecto minero en San Juan","previousItem":{"@type":"ListItem","@id":"https:\/\/azuaalinstante.com\/index.php\/category\/region-sur\/#listItem","name":"Regi\u00f3n Sur"}}]},{"@type":"Organization","@id":"https:\/\/azuaalinstante.com\/#organization","name":"AZUA AL INSTANTE","description":"SIEMPRE DETR\u00c1S DE LA NOTICIA!","url":"https:\/\/azuaalinstante.com\/"},{"@type":"Person","@id":"https:\/\/azuaalinstante.com\/index.php\/author\/redaccion\/#author","url":"https:\/\/azuaalinstante.com\/index.php\/author\/redaccion\/","name":"Redacci\u00f3n","image":{"@type":"ImageObject","@id":"https:\/\/azuaalinstante.com\/index.php\/2026\/05\/05\/conep-en-desacuerdo-con-detencion-inmediata-de-proyecto-minero-en-san-juan\/#authorImage","url":"https:\/\/secure.gravatar.com\/avatar\/d68b136e956cb2c839632b9025c3df5f0812f547e1ff3ca13ce11a5b13bf209c?s=96&d=mm&r=g","width":96,"height":96,"caption":"Redacci\u00f3n"}},{"@type":"WebPage","@id":"https:\/\/azuaalinstante.com\/index.php\/2026\/05\/05\/conep-en-desacuerdo-con-detencion-inmediata-de-proyecto-minero-en-san-juan\/#webpage","url":"https:\/\/azuaalinstante.com\/index.php\/2026\/05\/05\/conep-en-desacuerdo-con-detencion-inmediata-de-proyecto-minero-en-san-juan\/","name":"Conep en desacuerdo con \u201cdetenci\u00f3n inmediata\u201d de proyecto minero en San Juan - AZUA AL INSTANTE","description":"A trav\u00e9s de su cuenta de X, el vicepresidente ejecutivo y vocero oficial del Conep, Cesar Dargam, manifest\u00f3 que la Rep\u00fablica Dominicana posee un \u201cpotencial minero inmenso\u201d. El Consejo Nacional de la Empresa Privada (Conep) se mostr\u00f3 en desacuerdo con la decisi\u00f3n del presidente Luis Abinader de detener \u201cde manera inmediata\u201d de \u201ccualquier actividad\u201d relacionada","inLanguage":"es-DO","isPartOf":{"@id":"https:\/\/azuaalinstante.com\/#website"},"breadcrumb":{"@id":"https:\/\/azuaalinstante.com\/index.php\/2026\/05\/05\/conep-en-desacuerdo-con-detencion-inmediata-de-proyecto-minero-en-san-juan\/#breadcrumblist"},"author":{"@id":"https:\/\/azuaalinstante.com\/index.php\/author\/redaccion\/#author"},"creator":{"@id":"https:\/\/azuaalinstante.com\/index.php\/author\/redaccion\/#author"},"image":{"@type":"ImageObject","url":"https:\/\/azuaalinstante.com\/wp-content\/uploads\/2026\/05\/69f00c6bd7486.png","@id":"https:\/\/azuaalinstante.com\/index.php\/2026\/05\/05\/conep-en-desacuerdo-con-detencion-inmediata-de-proyecto-minero-en-san-juan\/#mainImage","width":800,"height":593},"primaryImageOfPage":{"@id":"https:\/\/azuaalinstante.com\/index.php\/2026\/05\/05\/conep-en-desacuerdo-con-detencion-inmediata-de-proyecto-minero-en-san-juan\/#mainImage"},"datePublished":"2026-05-05T17:41:02+00:00","dateModified":"2026-05-05T17:41:03+00:00"},{"@type":"WebSite","@id":"https:\/\/azuaalinstante.com\/#website","url":"https:\/\/azuaalinstante.com\/","name":"AZUA AL INSTANTE","description":"SIEMPRE DETR\u00c1S DE LA NOTICIA!","inLanguage":"es-DO","publisher":{"@id":"https:\/\/azuaalinstante.com\/#organization"}}]},"og:locale":"es_ES","og:site_name":"AZUA AL INSTANTE - SIEMPRE DETR\u00c1S DE LA NOTICIA!","og:type":"article","og:title":"Conep en desacuerdo con \u201cdetenci\u00f3n inmediata\u201d de proyecto minero en San Juan - AZUA AL INSTANTE","og:description":"A trav\u00e9s de su cuenta de X, el vicepresidente ejecutivo y vocero oficial del Conep, Cesar Dargam, manifest\u00f3 que la Rep\u00fablica Dominicana posee un \u201cpotencial minero inmenso\u201d. El Consejo Nacional de la Empresa Privada (Conep) se mostr\u00f3 en desacuerdo con la decisi\u00f3n del presidente Luis Abinader de detener \u201cde manera inmediata\u201d de \u201ccualquier actividad\u201d relacionada","og:url":"https:\/\/azuaalinstante.com\/index.php\/2026\/05\/05\/conep-en-desacuerdo-con-detencion-inmediata-de-proyecto-minero-en-san-juan\/","article:published_time":"2026-05-05T17:41:02+00:00","article:modified_time":"2026-05-05T17:41:03+00:00","twitter:card":"summary_large_image","twitter:title":"Conep en desacuerdo con \u201cdetenci\u00f3n inmediata\u201d de proyecto minero en San Juan - AZUA AL INSTANTE","twitter:description":"A trav\u00e9s de su cuenta de X, el vicepresidente ejecutivo y vocero oficial del Conep, Cesar Dargam, manifest\u00f3 que la Rep\u00fablica Dominicana posee un \u201cpotencial minero inmenso\u201d. El Consejo Nacional de la Empresa Privada (Conep) se mostr\u00f3 en desacuerdo con la decisi\u00f3n del presidente Luis Abinader de detener \u201cde manera inmediata\u201d de \u201ccualquier actividad\u201d relacionada"},"aioseo_meta_data":{"post_id":"8529","title":null,"description":null,"keywords":null,"keyphrases":{"focus":{"keyphrase":"","score":0,"analysis":{"keyphraseInTitle":{"score":0,"maxScore":9,"error":1}}},"additional":[]},"primary_term":null,"canonical_url":null,"og_title":null,"og_description":null,"og_object_type":"default","og_image_type":"default","og_image_url":null,"og_image_width":null,"og_image_height":null,"og_image_custom_url":null,"og_image_custom_fields":null,"og_video":"","og_custom_url":null,"og_article_section":null,"og_article_tags":null,"twitter_use_og":false,"twitter_card":"default","twitter_image_type":"default","twitter_image_url":null,"twitter_image_custom_url":null,"twitter_image_custom_fields":null,"twitter_title":null,"twitter_description":null,"schema":{"blockGraphs":[],"customGraphs":[],"default":{"data":{"Article":[],"Course":[],"Dataset":[],"FAQPage":[],"Movie":[],"Person":[],"Product":[],"ProductReview":[],"Car":[],"Recipe":[],"Service":[],"SoftwareApplication":[],"WebPage":[]},"graphName":"BlogPosting","isEnabled":true},"graphs":[]},"schema_type":"default","schema_type_options":null,"pillar_content":false,"robots_default":true,"robots_noindex":false,"robots_noarchive":false,"robots_nosnippet":false,"robots_nofollow":false,"robots_noimageindex":false,"robots_noodp":false,"robots_notranslate":false,"robots_max_snippet":"-1","robots_max_videopreview":"-1","robots_max_imagepreview":"large","priority":null,"frequency":"default","local_seo":null,"breadcrumb_settings":null,"limit_modified_date":false,"ai":{"faqs":[],"keyPoints":[],"titles":[],"descriptions":[],"socialPosts":{"email":[],"linkedin":[],"twitter":[],"facebook":[],"instagram":[]}},"created":"2026-05-05 17:41:03","updated":"2026-05-05 17:48:41","seo_analyzer_scan_date":null},"aioseo_breadcrumb":"<div class=\"aioseo-breadcrumbs\"><span class=\"aioseo-breadcrumb\">\n\t\t\t<a href=\"https:\/\/azuaalinstante.com\" title=\"Home\">Home<\/a>\n\t\t<\/span><span class=\"aioseo-breadcrumb-separator\">&raquo;<\/span><span class=\"aioseo-breadcrumb\">\n\t\t\t<a href=\"https:\/\/azuaalinstante.com\/index.php\/category\/region-sur\/\" title=\"Regi\u00f3n Sur\">Regi\u00f3n Sur<\/a>\n\t\t<\/span><span class=\"aioseo-breadcrumb-separator\">&raquo;<\/span><span class=\"aioseo-breadcrumb\">\n\t\t\tConep en desacuerdo con \u201cdetenci\u00f3n inmediata\u201d de proyecto minero en San Juan\n\t\t<\/span><\/div>","aioseo_breadcrumb_json":[{"label":"Home","link":"https:\/\/azuaalinstante.com"},{"label":"Regi\u00f3n Sur","link":"https:\/\/azuaalinstante.com\/index.php\/category\/region-sur\/"},{"label":"Conep en desacuerdo con \u201cdetenci\u00f3n inmediata\u201d de proyecto minero en San Juan","link":"https:\/\/azuaalinstante.com\/index.php\/2026\/05\/05\/conep-en-desacuerdo-con-detencion-inmediata-de-proyecto-minero-en-san-juan\/"}],"_links":{"self":[{"href":"https:\/\/azuaalinstante.com\/index.php\/wp-json\/wp\/v2\/posts\/8529","targetHints":{"allow":["GET"]}}],"collection":[{"href":"https:\/\/azuaalinstante.com\/index.php\/wp-json\/wp\/v2\/posts"}],"about":[{"href":"https:\/\/azuaalinstante.com\/index.php\/wp-json\/wp\/v2\/types\/post"}],"author":[{"embeddable":true,"href":"https:\/\/azuaalinstante.com\/index.php\/wp-json\/wp\/v2\/users\/2"}],"replies":[{"embeddable":true,"href":"https:\/\/azuaalinstante.com\/index.php\/wp-json\/wp\/v2\/comments?post=8529"}],"version-history":[{"count":1,"href":"https:\/\/azuaalinstante.com\/index.php\/wp-json\/wp\/v2\/posts\/8529\/revisions"}],"predecessor-version":[{"id":8531,"href":"https:\/\/azuaalinstante.com\/index.php\/wp-json\/wp\/v2\/posts\/8529\/revisions\/8531"}],"wp:featuredmedia":[{"embeddable":true,"href":"https:\/\/azuaalinstante.com\/index.php\/wp-json\/wp\/v2\/media\/8530"}],"wp:attachment":[{"href":"https:\/\/azuaalinstante.com\/index.php\/wp-json\/wp\/v2\/media?parent=8529"}],"wp:term":[{"taxonomy":"category","embeddable":true,"href":"https:\/\/azuaalinstante.com\/index.php\/wp-json\/wp\/v2\/categories?post=8529"},{"taxonomy":"post_tag","embeddable":true,"href":"https:\/\/azuaalinstante.com\/index.php\/wp-json\/wp\/v2\/tags?post=8529"}],"curies":[{"name":"wp","href":"https:\/\/api.w.org\/{rel}","templated":true}]}}