{"id":8575,"date":"2026-05-05T18:27:49","date_gmt":"2026-05-05T18:27:49","guid":{"rendered":"https:\/\/azuaalinstante.com\/?p=8575"},"modified":"2026-05-05T18:27:50","modified_gmt":"2026-05-05T18:27:50","slug":"felix-bautista-agradece-a-abinader-por-decision-de-detener-actividad-minera-en-san-juan","status":"publish","type":"post","link":"https:\/\/azuaalinstante.com\/index.php\/2026\/05\/05\/felix-bautista-agradece-a-abinader-por-decision-de-detener-actividad-minera-en-san-juan\/","title":{"rendered":"F\u00e9lix Bautista agradece a Abinader por decisi\u00f3n de detener actividad minera en San Juan"},"content":{"rendered":"\n<h2 class=\"wp-block-heading\">Bautista, quien se hab\u00eda manifestado en contra del proyecto minero, sostuvo que el mandatario actu\u00f3 con responsabilidad \u201cante una situaci\u00f3n que genera leg\u00edtima preocupaci\u00f3n nacional\u201d.<\/h2>\n\n\n\n<ul class=\"wp-block-list\">\n<li><\/li>\n<\/ul>\n\n\n\n<figure class=\"wp-block-image\"><img decoding=\"async\" src=\"https:\/\/listindiario.com\/files\/vertical_main_image\/files\/fp\/uploads\/2024\/06\/25\/667b7104d46c3.r_d.720-314.jpeg\" alt=\"El proyecto es autor\u00eda del senador F\u00e9lix Bautista.\"\/><figcaption class=\"wp-element-caption\">El proyecto es autor\u00eda del senador F\u00e9lix Bautista. ARCHIVO<\/figcaption><\/figure>\n\n\n\n<p class=\"wp-block-paragraph\" id=\"m87433-87432-87434\">El senador de la provincia San Juan, F\u00e9lix Bautista, valor\u00f3 la decisi\u00f3n del presidente Luis Abinader, quien anunci\u00f3 la noche de este lunes la \u201cdetenci\u00f3n inmediata\u201d de \u201ccualquier actividad\u201d relacionada con el proyecto minero Romero en la provincia de San Juan.<\/p>\n","protected":false},"excerpt":{"rendered":"<p>Bautista, quien se hab\u00eda manifestado en contra del proyecto minero, sostuvo que el mandatario actu\u00f3 con responsabilidad \u201cante una situaci\u00f3n que genera leg\u00edtima preocupaci\u00f3n nacional\u201d. El senador de la provincia San Juan, F\u00e9lix Bautista, valor\u00f3 la decisi\u00f3n del presidente Luis Abinader, quien anunci\u00f3 la noche de este lunes la \u201cdetenci\u00f3n inmediata\u201d de \u201ccualquier actividad\u201d relacionada [&hellip;]<\/p>\n","protected":false},"author":2,"featured_media":8576,"comment_status":"open","ping_status":"open","sticky":false,"template":"","format":"standard","meta":{"_monsterinsights_skip_tracking":false,"footnotes":""},"categories":[25],"tags":[],"class_list":["post-8575","post","type-post","status-publish","format-standard","has-post-thumbnail","hentry","category-region-sur"],"aioseo_notices":[],"aioseo_head":"\n\t\t<!-- All in One SEO 4.9.10 - aioseo.com -->\n\t<meta name=\"description\" content=\"Bautista, quien se hab\u00eda manifestado en contra del proyecto minero, sostuvo que el mandatario actu\u00f3 con responsabilidad \u201cante una situaci\u00f3n que genera leg\u00edtima preocupaci\u00f3n nacional\u201d. El senador de la provincia San Juan, F\u00e9lix Bautista, valor\u00f3 la decisi\u00f3n del presidente Luis Abinader, quien anunci\u00f3 la noche de este lunes la \u201cdetenci\u00f3n inmediata\u201d de \u201ccualquier actividad\u201d relacionada\" \/>\n\t<meta name=\"robots\" content=\"max-image-preview:large\" \/>\n\t<meta name=\"author\" content=\"Redacci\u00f3n\"\/>\n\t<link rel=\"canonical\" href=\"https:\/\/azuaalinstante.com\/index.php\/2026\/05\/05\/felix-bautista-agradece-a-abinader-por-decision-de-detener-actividad-minera-en-san-juan\/\" \/>\n\t<meta name=\"generator\" content=\"All in One SEO (AIOSEO) 4.9.10\" \/>\n\t\t<meta property=\"og:locale\" content=\"es_ES\" \/>\n\t\t<meta property=\"og:site_name\" content=\"AZUA AL INSTANTE - SIEMPRE DETR\u00c1S DE LA NOTICIA!\" \/>\n\t\t<meta property=\"og:type\" content=\"article\" \/>\n\t\t<meta property=\"og:title\" content=\"F\u00e9lix Bautista agradece a Abinader por decisi\u00f3n de detener actividad minera en San Juan - AZUA AL INSTANTE\" \/>\n\t\t<meta property=\"og:description\" content=\"Bautista, quien se hab\u00eda manifestado en contra del proyecto minero, sostuvo que el mandatario actu\u00f3 con responsabilidad \u201cante una situaci\u00f3n que genera leg\u00edtima preocupaci\u00f3n nacional\u201d. El senador de la provincia San Juan, F\u00e9lix Bautista, valor\u00f3 la decisi\u00f3n del presidente Luis Abinader, quien anunci\u00f3 la noche de este lunes la \u201cdetenci\u00f3n inmediata\u201d de \u201ccualquier actividad\u201d relacionada\" \/>\n\t\t<meta property=\"og:url\" content=\"https:\/\/azuaalinstante.com\/index.php\/2026\/05\/05\/felix-bautista-agradece-a-abinader-por-decision-de-detener-actividad-minera-en-san-juan\/\" \/>\n\t\t<meta property=\"article:published_time\" content=\"2026-05-05T18:27:49+00:00\" \/>\n\t\t<meta property=\"article:modified_time\" content=\"2026-05-05T18:27:50+00:00\" \/>\n\t\t<meta name=\"twitter:card\" content=\"summary_large_image\" \/>\n\t\t<meta name=\"twitter:title\" content=\"F\u00e9lix Bautista agradece a Abinader por decisi\u00f3n de detener actividad minera en San Juan - AZUA AL INSTANTE\" \/>\n\t\t<meta name=\"twitter:description\" content=\"Bautista, quien se hab\u00eda manifestado en contra del proyecto minero, sostuvo que el mandatario actu\u00f3 con responsabilidad \u201cante una situaci\u00f3n que genera leg\u00edtima preocupaci\u00f3n nacional\u201d. El senador de la provincia San Juan, F\u00e9lix Bautista, valor\u00f3 la decisi\u00f3n del presidente Luis Abinader, quien anunci\u00f3 la noche de este lunes la \u201cdetenci\u00f3n inmediata\u201d de \u201ccualquier actividad\u201d relacionada\" \/>\n\t\t<script type=\"application\/ld+json\" class=\"aioseo-schema\">\n\t\t\t{\"@context\":\"https:\\\/\\\/schema.org\",\"@graph\":[{\"@type\":\"BlogPosting\",\"@id\":\"https:\\\/\\\/azuaalinstante.com\\\/index.php\\\/2026\\\/05\\\/05\\\/felix-bautista-agradece-a-abinader-por-decision-de-detener-actividad-minera-en-san-juan\\\/#blogposting\",\"name\":\"F\\u00e9lix Bautista agradece a Abinader por decisi\\u00f3n de detener actividad minera en San Juan - AZUA AL INSTANTE\",\"headline\":\"F\\u00e9lix Bautista agradece a Abinader por decisi\\u00f3n de detener actividad minera en San Juan\",\"author\":{\"@id\":\"https:\\\/\\\/azuaalinstante.com\\\/index.php\\\/author\\\/redaccion\\\/#author\"},\"publisher\":{\"@id\":\"https:\\\/\\\/azuaalinstante.com\\\/#organization\"},\"image\":{\"@type\":\"ImageObject\",\"url\":\"https:\\\/\\\/azuaalinstante.com\\\/wp-content\\\/uploads\\\/2026\\\/05\\\/667b7104d46c3.r_d.720-314.jpeg\",\"width\":800,\"height\":588},\"datePublished\":\"2026-05-05T18:27:49+00:00\",\"dateModified\":\"2026-05-05T18:27:50+00:00\",\"inLanguage\":\"es-DO\",\"mainEntityOfPage\":{\"@id\":\"https:\\\/\\\/azuaalinstante.com\\\/index.php\\\/2026\\\/05\\\/05\\\/felix-bautista-agradece-a-abinader-por-decision-de-detener-actividad-minera-en-san-juan\\\/#webpage\"},\"isPartOf\":{\"@id\":\"https:\\\/\\\/azuaalinstante.com\\\/index.php\\\/2026\\\/05\\\/05\\\/felix-bautista-agradece-a-abinader-por-decision-de-detener-actividad-minera-en-san-juan\\\/#webpage\"},\"articleSection\":\"Regi\\u00f3n Sur\"},{\"@type\":\"BreadcrumbList\",\"@id\":\"https:\\\/\\\/azuaalinstante.com\\\/index.php\\\/2026\\\/05\\\/05\\\/felix-bautista-agradece-a-abinader-por-decision-de-detener-actividad-minera-en-san-juan\\\/#breadcrumblist\",\"itemListElement\":[{\"@type\":\"ListItem\",\"@id\":\"https:\\\/\\\/azuaalinstante.com#listItem\",\"position\":1,\"name\":\"Home\",\"item\":\"https:\\\/\\\/azuaalinstante.com\",\"nextItem\":{\"@type\":\"ListItem\",\"@id\":\"https:\\\/\\\/azuaalinstante.com\\\/index.php\\\/category\\\/region-sur\\\/#listItem\",\"name\":\"Regi\\u00f3n Sur\"}},{\"@type\":\"ListItem\",\"@id\":\"https:\\\/\\\/azuaalinstante.com\\\/index.php\\\/category\\\/region-sur\\\/#listItem\",\"position\":2,\"name\":\"Regi\\u00f3n Sur\",\"item\":\"https:\\\/\\\/azuaalinstante.com\\\/index.php\\\/category\\\/region-sur\\\/\",\"nextItem\":{\"@type\":\"ListItem\",\"@id\":\"https:\\\/\\\/azuaalinstante.com\\\/index.php\\\/2026\\\/05\\\/05\\\/felix-bautista-agradece-a-abinader-por-decision-de-detener-actividad-minera-en-san-juan\\\/#listItem\",\"name\":\"F\\u00e9lix Bautista agradece a Abinader por decisi\\u00f3n de detener actividad minera en San Juan\"},\"previousItem\":{\"@type\":\"ListItem\",\"@id\":\"https:\\\/\\\/azuaalinstante.com#listItem\",\"name\":\"Home\"}},{\"@type\":\"ListItem\",\"@id\":\"https:\\\/\\\/azuaalinstante.com\\\/index.php\\\/2026\\\/05\\\/05\\\/felix-bautista-agradece-a-abinader-por-decision-de-detener-actividad-minera-en-san-juan\\\/#listItem\",\"position\":3,\"name\":\"F\\u00e9lix Bautista agradece a Abinader por decisi\\u00f3n de detener actividad minera en San Juan\",\"previousItem\":{\"@type\":\"ListItem\",\"@id\":\"https:\\\/\\\/azuaalinstante.com\\\/index.php\\\/category\\\/region-sur\\\/#listItem\",\"name\":\"Regi\\u00f3n Sur\"}}]},{\"@type\":\"Organization\",\"@id\":\"https:\\\/\\\/azuaalinstante.com\\\/#organization\",\"name\":\"AZUA AL INSTANTE\",\"description\":\"SIEMPRE DETR\\u00c1S DE LA NOTICIA!\",\"url\":\"https:\\\/\\\/azuaalinstante.com\\\/\"},{\"@type\":\"Person\",\"@id\":\"https:\\\/\\\/azuaalinstante.com\\\/index.php\\\/author\\\/redaccion\\\/#author\",\"url\":\"https:\\\/\\\/azuaalinstante.com\\\/index.php\\\/author\\\/redaccion\\\/\",\"name\":\"Redacci\\u00f3n\",\"image\":{\"@type\":\"ImageObject\",\"@id\":\"https:\\\/\\\/azuaalinstante.com\\\/index.php\\\/2026\\\/05\\\/05\\\/felix-bautista-agradece-a-abinader-por-decision-de-detener-actividad-minera-en-san-juan\\\/#authorImage\",\"url\":\"https:\\\/\\\/secure.gravatar.com\\\/avatar\\\/d68b136e956cb2c839632b9025c3df5f0812f547e1ff3ca13ce11a5b13bf209c?s=96&d=mm&r=g\",\"width\":96,\"height\":96,\"caption\":\"Redacci\\u00f3n\"}},{\"@type\":\"WebPage\",\"@id\":\"https:\\\/\\\/azuaalinstante.com\\\/index.php\\\/2026\\\/05\\\/05\\\/felix-bautista-agradece-a-abinader-por-decision-de-detener-actividad-minera-en-san-juan\\\/#webpage\",\"url\":\"https:\\\/\\\/azuaalinstante.com\\\/index.php\\\/2026\\\/05\\\/05\\\/felix-bautista-agradece-a-abinader-por-decision-de-detener-actividad-minera-en-san-juan\\\/\",\"name\":\"F\\u00e9lix Bautista agradece a Abinader por decisi\\u00f3n de detener actividad minera en San Juan - AZUA AL INSTANTE\",\"description\":\"Bautista, quien se hab\\u00eda manifestado en contra del proyecto minero, sostuvo que el mandatario actu\\u00f3 con responsabilidad \\u201cante una situaci\\u00f3n que genera leg\\u00edtima preocupaci\\u00f3n nacional\\u201d. El senador de la provincia San Juan, F\\u00e9lix Bautista, valor\\u00f3 la decisi\\u00f3n del presidente Luis Abinader, quien anunci\\u00f3 la noche de este lunes la \\u201cdetenci\\u00f3n inmediata\\u201d de \\u201ccualquier actividad\\u201d relacionada\",\"inLanguage\":\"es-DO\",\"isPartOf\":{\"@id\":\"https:\\\/\\\/azuaalinstante.com\\\/#website\"},\"breadcrumb\":{\"@id\":\"https:\\\/\\\/azuaalinstante.com\\\/index.php\\\/2026\\\/05\\\/05\\\/felix-bautista-agradece-a-abinader-por-decision-de-detener-actividad-minera-en-san-juan\\\/#breadcrumblist\"},\"author\":{\"@id\":\"https:\\\/\\\/azuaalinstante.com\\\/index.php\\\/author\\\/redaccion\\\/#author\"},\"creator\":{\"@id\":\"https:\\\/\\\/azuaalinstante.com\\\/index.php\\\/author\\\/redaccion\\\/#author\"},\"image\":{\"@type\":\"ImageObject\",\"url\":\"https:\\\/\\\/azuaalinstante.com\\\/wp-content\\\/uploads\\\/2026\\\/05\\\/667b7104d46c3.r_d.720-314.jpeg\",\"@id\":\"https:\\\/\\\/azuaalinstante.com\\\/index.php\\\/2026\\\/05\\\/05\\\/felix-bautista-agradece-a-abinader-por-decision-de-detener-actividad-minera-en-san-juan\\\/#mainImage\",\"width\":800,\"height\":588},\"primaryImageOfPage\":{\"@id\":\"https:\\\/\\\/azuaalinstante.com\\\/index.php\\\/2026\\\/05\\\/05\\\/felix-bautista-agradece-a-abinader-por-decision-de-detener-actividad-minera-en-san-juan\\\/#mainImage\"},\"datePublished\":\"2026-05-05T18:27:49+00:00\",\"dateModified\":\"2026-05-05T18:27:50+00:00\"},{\"@type\":\"WebSite\",\"@id\":\"https:\\\/\\\/azuaalinstante.com\\\/#website\",\"url\":\"https:\\\/\\\/azuaalinstante.com\\\/\",\"name\":\"AZUA AL INSTANTE\",\"description\":\"SIEMPRE DETR\\u00c1S DE LA NOTICIA!\",\"inLanguage\":\"es-DO\",\"publisher\":{\"@id\":\"https:\\\/\\\/azuaalinstante.com\\\/#organization\"}}]}\n\t\t<\/script>\n\t\t<!-- All in One SEO -->\n\n","aioseo_head_json":{"title":"F\u00e9lix Bautista agradece a Abinader por decisi\u00f3n de detener actividad minera en San Juan - AZUA AL INSTANTE","description":"Bautista, quien se hab\u00eda manifestado en contra del proyecto minero, sostuvo que el mandatario actu\u00f3 con responsabilidad \u201cante una situaci\u00f3n que genera leg\u00edtima preocupaci\u00f3n nacional\u201d. El senador de la provincia San Juan, F\u00e9lix Bautista, valor\u00f3 la decisi\u00f3n del presidente Luis Abinader, quien anunci\u00f3 la noche de este lunes la \u201cdetenci\u00f3n inmediata\u201d de \u201ccualquier actividad\u201d relacionada","canonical_url":"https:\/\/azuaalinstante.com\/index.php\/2026\/05\/05\/felix-bautista-agradece-a-abinader-por-decision-de-detener-actividad-minera-en-san-juan\/","robots":"max-image-preview:large","keywords":"","webmasterTools":{"miscellaneous":""},"schema":{"@context":"https:\/\/schema.org","@graph":[{"@type":"BlogPosting","@id":"https:\/\/azuaalinstante.com\/index.php\/2026\/05\/05\/felix-bautista-agradece-a-abinader-por-decision-de-detener-actividad-minera-en-san-juan\/#blogposting","name":"F\u00e9lix Bautista agradece a Abinader por decisi\u00f3n de detener actividad minera en San Juan - AZUA AL INSTANTE","headline":"F\u00e9lix Bautista agradece a Abinader por decisi\u00f3n de detener actividad minera en San Juan","author":{"@id":"https:\/\/azuaalinstante.com\/index.php\/author\/redaccion\/#author"},"publisher":{"@id":"https:\/\/azuaalinstante.com\/#organization"},"image":{"@type":"ImageObject","url":"https:\/\/azuaalinstante.com\/wp-content\/uploads\/2026\/05\/667b7104d46c3.r_d.720-314.jpeg","width":800,"height":588},"datePublished":"2026-05-05T18:27:49+00:00","dateModified":"2026-05-05T18:27:50+00:00","inLanguage":"es-DO","mainEntityOfPage":{"@id":"https:\/\/azuaalinstante.com\/index.php\/2026\/05\/05\/felix-bautista-agradece-a-abinader-por-decision-de-detener-actividad-minera-en-san-juan\/#webpage"},"isPartOf":{"@id":"https:\/\/azuaalinstante.com\/index.php\/2026\/05\/05\/felix-bautista-agradece-a-abinader-por-decision-de-detener-actividad-minera-en-san-juan\/#webpage"},"articleSection":"Regi\u00f3n Sur"},{"@type":"BreadcrumbList","@id":"https:\/\/azuaalinstante.com\/index.php\/2026\/05\/05\/felix-bautista-agradece-a-abinader-por-decision-de-detener-actividad-minera-en-san-juan\/#breadcrumblist","itemListElement":[{"@type":"ListItem","@id":"https:\/\/azuaalinstante.com#listItem","position":1,"name":"Home","item":"https:\/\/azuaalinstante.com","nextItem":{"@type":"ListItem","@id":"https:\/\/azuaalinstante.com\/index.php\/category\/region-sur\/#listItem","name":"Regi\u00f3n Sur"}},{"@type":"ListItem","@id":"https:\/\/azuaalinstante.com\/index.php\/category\/region-sur\/#listItem","position":2,"name":"Regi\u00f3n Sur","item":"https:\/\/azuaalinstante.com\/index.php\/category\/region-sur\/","nextItem":{"@type":"ListItem","@id":"https:\/\/azuaalinstante.com\/index.php\/2026\/05\/05\/felix-bautista-agradece-a-abinader-por-decision-de-detener-actividad-minera-en-san-juan\/#listItem","name":"F\u00e9lix Bautista agradece a Abinader por decisi\u00f3n de detener actividad minera en San Juan"},"previousItem":{"@type":"ListItem","@id":"https:\/\/azuaalinstante.com#listItem","name":"Home"}},{"@type":"ListItem","@id":"https:\/\/azuaalinstante.com\/index.php\/2026\/05\/05\/felix-bautista-agradece-a-abinader-por-decision-de-detener-actividad-minera-en-san-juan\/#listItem","position":3,"name":"F\u00e9lix Bautista agradece a Abinader por decisi\u00f3n de detener actividad minera en San Juan","previousItem":{"@type":"ListItem","@id":"https:\/\/azuaalinstante.com\/index.php\/category\/region-sur\/#listItem","name":"Regi\u00f3n Sur"}}]},{"@type":"Organization","@id":"https:\/\/azuaalinstante.com\/#organization","name":"AZUA AL INSTANTE","description":"SIEMPRE DETR\u00c1S DE LA NOTICIA!","url":"https:\/\/azuaalinstante.com\/"},{"@type":"Person","@id":"https:\/\/azuaalinstante.com\/index.php\/author\/redaccion\/#author","url":"https:\/\/azuaalinstante.com\/index.php\/author\/redaccion\/","name":"Redacci\u00f3n","image":{"@type":"ImageObject","@id":"https:\/\/azuaalinstante.com\/index.php\/2026\/05\/05\/felix-bautista-agradece-a-abinader-por-decision-de-detener-actividad-minera-en-san-juan\/#authorImage","url":"https:\/\/secure.gravatar.com\/avatar\/d68b136e956cb2c839632b9025c3df5f0812f547e1ff3ca13ce11a5b13bf209c?s=96&d=mm&r=g","width":96,"height":96,"caption":"Redacci\u00f3n"}},{"@type":"WebPage","@id":"https:\/\/azuaalinstante.com\/index.php\/2026\/05\/05\/felix-bautista-agradece-a-abinader-por-decision-de-detener-actividad-minera-en-san-juan\/#webpage","url":"https:\/\/azuaalinstante.com\/index.php\/2026\/05\/05\/felix-bautista-agradece-a-abinader-por-decision-de-detener-actividad-minera-en-san-juan\/","name":"F\u00e9lix Bautista agradece a Abinader por decisi\u00f3n de detener actividad minera en San Juan - AZUA AL INSTANTE","description":"Bautista, quien se hab\u00eda manifestado en contra del proyecto minero, sostuvo que el mandatario actu\u00f3 con responsabilidad \u201cante una situaci\u00f3n que genera leg\u00edtima preocupaci\u00f3n nacional\u201d. El senador de la provincia San Juan, F\u00e9lix Bautista, valor\u00f3 la decisi\u00f3n del presidente Luis Abinader, quien anunci\u00f3 la noche de este lunes la \u201cdetenci\u00f3n inmediata\u201d de \u201ccualquier actividad\u201d relacionada","inLanguage":"es-DO","isPartOf":{"@id":"https:\/\/azuaalinstante.com\/#website"},"breadcrumb":{"@id":"https:\/\/azuaalinstante.com\/index.php\/2026\/05\/05\/felix-bautista-agradece-a-abinader-por-decision-de-detener-actividad-minera-en-san-juan\/#breadcrumblist"},"author":{"@id":"https:\/\/azuaalinstante.com\/index.php\/author\/redaccion\/#author"},"creator":{"@id":"https:\/\/azuaalinstante.com\/index.php\/author\/redaccion\/#author"},"image":{"@type":"ImageObject","url":"https:\/\/azuaalinstante.com\/wp-content\/uploads\/2026\/05\/667b7104d46c3.r_d.720-314.jpeg","@id":"https:\/\/azuaalinstante.com\/index.php\/2026\/05\/05\/felix-bautista-agradece-a-abinader-por-decision-de-detener-actividad-minera-en-san-juan\/#mainImage","width":800,"height":588},"primaryImageOfPage":{"@id":"https:\/\/azuaalinstante.com\/index.php\/2026\/05\/05\/felix-bautista-agradece-a-abinader-por-decision-de-detener-actividad-minera-en-san-juan\/#mainImage"},"datePublished":"2026-05-05T18:27:49+00:00","dateModified":"2026-05-05T18:27:50+00:00"},{"@type":"WebSite","@id":"https:\/\/azuaalinstante.com\/#website","url":"https:\/\/azuaalinstante.com\/","name":"AZUA AL INSTANTE","description":"SIEMPRE DETR\u00c1S DE LA NOTICIA!","inLanguage":"es-DO","publisher":{"@id":"https:\/\/azuaalinstante.com\/#organization"}}]},"og:locale":"es_ES","og:site_name":"AZUA AL INSTANTE - SIEMPRE DETR\u00c1S DE LA NOTICIA!","og:type":"article","og:title":"F\u00e9lix Bautista agradece a Abinader por decisi\u00f3n de detener actividad minera en San Juan - AZUA AL INSTANTE","og:description":"Bautista, quien se hab\u00eda manifestado en contra del proyecto minero, sostuvo que el mandatario actu\u00f3 con responsabilidad \u201cante una situaci\u00f3n que genera leg\u00edtima preocupaci\u00f3n nacional\u201d. El senador de la provincia San Juan, F\u00e9lix Bautista, valor\u00f3 la decisi\u00f3n del presidente Luis Abinader, quien anunci\u00f3 la noche de este lunes la \u201cdetenci\u00f3n inmediata\u201d de \u201ccualquier actividad\u201d relacionada","og:url":"https:\/\/azuaalinstante.com\/index.php\/2026\/05\/05\/felix-bautista-agradece-a-abinader-por-decision-de-detener-actividad-minera-en-san-juan\/","article:published_time":"2026-05-05T18:27:49+00:00","article:modified_time":"2026-05-05T18:27:50+00:00","twitter:card":"summary_large_image","twitter:title":"F\u00e9lix Bautista agradece a Abinader por decisi\u00f3n de detener actividad minera en San Juan - AZUA AL INSTANTE","twitter:description":"Bautista, quien se hab\u00eda manifestado en contra del proyecto minero, sostuvo que el mandatario actu\u00f3 con responsabilidad \u201cante una situaci\u00f3n que genera leg\u00edtima preocupaci\u00f3n nacional\u201d. El senador de la provincia San Juan, F\u00e9lix Bautista, valor\u00f3 la decisi\u00f3n del presidente Luis Abinader, quien anunci\u00f3 la noche de este lunes la \u201cdetenci\u00f3n inmediata\u201d de \u201ccualquier actividad\u201d relacionada"},"aioseo_meta_data":{"post_id":"8575","title":null,"description":null,"keywords":null,"keyphrases":{"focus":{"keyphrase":"","score":0,"analysis":{"keyphraseInTitle":{"score":0,"maxScore":9,"error":1}}},"additional":[]},"primary_term":null,"canonical_url":null,"og_title":null,"og_description":null,"og_object_type":"default","og_image_type":"default","og_image_url":null,"og_image_width":null,"og_image_height":null,"og_image_custom_url":null,"og_image_custom_fields":null,"og_video":"","og_custom_url":null,"og_article_section":null,"og_article_tags":null,"twitter_use_og":false,"twitter_card":"default","twitter_image_type":"default","twitter_image_url":null,"twitter_image_custom_url":null,"twitter_image_custom_fields":null,"twitter_title":null,"twitter_description":null,"schema":{"blockGraphs":[],"customGraphs":[],"default":{"data":{"Article":[],"Course":[],"Dataset":[],"FAQPage":[],"Movie":[],"Person":[],"Product":[],"ProductReview":[],"Car":[],"Recipe":[],"Service":[],"SoftwareApplication":[],"WebPage":[]},"graphName":"BlogPosting","isEnabled":true},"graphs":[]},"schema_type":"default","schema_type_options":null,"pillar_content":false,"robots_default":true,"robots_noindex":false,"robots_noarchive":false,"robots_nosnippet":false,"robots_nofollow":false,"robots_noimageindex":false,"robots_noodp":false,"robots_notranslate":false,"robots_max_snippet":"-1","robots_max_videopreview":"-1","robots_max_imagepreview":"large","priority":null,"frequency":"default","local_seo":null,"breadcrumb_settings":null,"limit_modified_date":false,"ai":{"faqs":[],"keyPoints":[],"titles":[],"descriptions":[],"socialPosts":{"email":[],"linkedin":[],"twitter":[],"facebook":[],"instagram":[]}},"created":"2026-05-05 18:27:50","updated":"2026-05-05 18:40:55","seo_analyzer_scan_date":null},"aioseo_breadcrumb":"<div class=\"aioseo-breadcrumbs\"><span class=\"aioseo-breadcrumb\">\n\t\t\t<a href=\"https:\/\/azuaalinstante.com\" title=\"Home\">Home<\/a>\n\t\t<\/span><span class=\"aioseo-breadcrumb-separator\">&raquo;<\/span><span class=\"aioseo-breadcrumb\">\n\t\t\t<a href=\"https:\/\/azuaalinstante.com\/index.php\/category\/region-sur\/\" title=\"Regi\u00f3n Sur\">Regi\u00f3n Sur<\/a>\n\t\t<\/span><span class=\"aioseo-breadcrumb-separator\">&raquo;<\/span><span class=\"aioseo-breadcrumb\">\n\t\t\tF\u00e9lix Bautista agradece a Abinader por decisi\u00f3n de detener actividad minera en San Juan\n\t\t<\/span><\/div>","aioseo_breadcrumb_json":[{"label":"Home","link":"https:\/\/azuaalinstante.com"},{"label":"Regi\u00f3n Sur","link":"https:\/\/azuaalinstante.com\/index.php\/category\/region-sur\/"},{"label":"F\u00e9lix Bautista agradece a Abinader por decisi\u00f3n de detener actividad minera en San Juan","link":"https:\/\/azuaalinstante.com\/index.php\/2026\/05\/05\/felix-bautista-agradece-a-abinader-por-decision-de-detener-actividad-minera-en-san-juan\/"}],"_links":{"self":[{"href":"https:\/\/azuaalinstante.com\/index.php\/wp-json\/wp\/v2\/posts\/8575","targetHints":{"allow":["GET"]}}],"collection":[{"href":"https:\/\/azuaalinstante.com\/index.php\/wp-json\/wp\/v2\/posts"}],"about":[{"href":"https:\/\/azuaalinstante.com\/index.php\/wp-json\/wp\/v2\/types\/post"}],"author":[{"embeddable":true,"href":"https:\/\/azuaalinstante.com\/index.php\/wp-json\/wp\/v2\/users\/2"}],"replies":[{"embeddable":true,"href":"https:\/\/azuaalinstante.com\/index.php\/wp-json\/wp\/v2\/comments?post=8575"}],"version-history":[{"count":1,"href":"https:\/\/azuaalinstante.com\/index.php\/wp-json\/wp\/v2\/posts\/8575\/revisions"}],"predecessor-version":[{"id":8577,"href":"https:\/\/azuaalinstante.com\/index.php\/wp-json\/wp\/v2\/posts\/8575\/revisions\/8577"}],"wp:featuredmedia":[{"embeddable":true,"href":"https:\/\/azuaalinstante.com\/index.php\/wp-json\/wp\/v2\/media\/8576"}],"wp:attachment":[{"href":"https:\/\/azuaalinstante.com\/index.php\/wp-json\/wp\/v2\/media?parent=8575"}],"wp:term":[{"taxonomy":"category","embeddable":true,"href":"https:\/\/azuaalinstante.com\/index.php\/wp-json\/wp\/v2\/categories?post=8575"},{"taxonomy":"post_tag","embeddable":true,"href":"https:\/\/azuaalinstante.com\/index.php\/wp-json\/wp\/v2\/tags?post=8575"}],"curies":[{"name":"wp","href":"https:\/\/api.w.org\/{rel}","templated":true}]}}