{"id":9007,"date":"2026-06-04T10:58:19","date_gmt":"2026-06-04T10:58:19","guid":{"rendered":"https:\/\/azuaalinstante.com\/?p=9007"},"modified":"2026-06-04T10:58:20","modified_gmt":"2026-06-04T10:58:20","slug":"banilejos-abrieron-su-feria-del-mango-2026-con-el-mingolo-como-estrella-del-evento","status":"publish","type":"post","link":"https:\/\/azuaalinstante.com\/index.php\/2026\/06\/04\/banilejos-abrieron-su-feria-del-mango-2026-con-el-mingolo-como-estrella-del-evento\/","title":{"rendered":"Banilejos abrieron su Feria del Mango 2026 con el mingolo como estrella del evento"},"content":{"rendered":"\n<h2 class=\"wp-block-heading\">Este colorido acto, en su d\u00eda inaugural cont\u00f3 con la presencia, como ya es costumbre, del expresidente Hip\u00f3lito Mej\u00eda.<\/h2>\n\n\n\n<ul class=\"wp-block-list\">\n<li><\/li>\n<\/ul>\n\n\n\n<figure class=\"wp-block-image\"><img decoding=\"async\" src=\"https:\/\/listindiario.com\/files\/vertical_main_image\/uploads\/2026\/06\/03\/6a20c1d330128.jpeg\" alt=\"Ceremonia de apertura de la Feria del Mango 2026\"\/><figcaption class=\"wp-element-caption\">Ceremonia de apertura de la Feria del Mango 2026 Jos\u00e9 Dicen<\/figcaption><\/figure>\n\n\n\n<p class=\"wp-block-paragraph\">Ban\u00ed, Peravia RD<\/p>\n\n\n\n<p class=\"wp-block-paragraph\">Banilejos abrieron ayer su esperada Feria del Mango 2026 en su XXII versi\u00f3n consecutiva, con la exhibici\u00f3n y ventas de decenas de variedades de esta exquisita fruta tropical, que tiene como estrella del evento, por segundo a\u00f1o consecutivo, el \u201cmingolo\u201d.<\/p>\n","protected":false},"excerpt":{"rendered":"<p>Este colorido acto, en su d\u00eda inaugural cont\u00f3 con la presencia, como ya es costumbre, del expresidente Hip\u00f3lito Mej\u00eda. Ban\u00ed, Peravia RD Banilejos abrieron ayer su esperada Feria del Mango 2026 en su XXII versi\u00f3n consecutiva, con la exhibici\u00f3n y ventas de decenas de variedades de esta exquisita fruta tropical, que tiene como estrella del [&hellip;]<\/p>\n","protected":false},"author":2,"featured_media":9008,"comment_status":"open","ping_status":"open","sticky":false,"template":"","format":"standard","meta":{"_monsterinsights_skip_tracking":false,"footnotes":""},"categories":[25],"tags":[],"class_list":["post-9007","post","type-post","status-publish","format-standard","has-post-thumbnail","hentry","category-region-sur"],"aioseo_notices":[],"aioseo_head":"\n\t\t<!-- All in One SEO 4.9.10 - aioseo.com -->\n\t<meta name=\"description\" content=\"Este colorido acto, en su d\u00eda inaugural cont\u00f3 con la presencia, como ya es costumbre, del expresidente Hip\u00f3lito Mej\u00eda. Ban\u00ed, Peravia RD Banilejos abrieron ayer su esperada Feria del Mango 2026 en su XXII versi\u00f3n consecutiva, con la exhibici\u00f3n y ventas de decenas de variedades de esta exquisita fruta tropical, que tiene como estrella del\" \/>\n\t<meta name=\"robots\" content=\"max-image-preview:large\" \/>\n\t<meta name=\"author\" content=\"Redacci\u00f3n\"\/>\n\t<link rel=\"canonical\" href=\"https:\/\/azuaalinstante.com\/index.php\/2026\/06\/04\/banilejos-abrieron-su-feria-del-mango-2026-con-el-mingolo-como-estrella-del-evento\/\" \/>\n\t<meta name=\"generator\" content=\"All in One SEO (AIOSEO) 4.9.10\" \/>\n\t\t<meta property=\"og:locale\" content=\"es_ES\" \/>\n\t\t<meta property=\"og:site_name\" content=\"AZUA AL INSTANTE - SIEMPRE DETR\u00c1S DE LA NOTICIA!\" \/>\n\t\t<meta property=\"og:type\" content=\"article\" \/>\n\t\t<meta property=\"og:title\" content=\"Banilejos abrieron su Feria del Mango 2026 con el mingolo como estrella del evento - AZUA AL INSTANTE\" \/>\n\t\t<meta property=\"og:description\" content=\"Este colorido acto, en su d\u00eda inaugural cont\u00f3 con la presencia, como ya es costumbre, del expresidente Hip\u00f3lito Mej\u00eda. Ban\u00ed, Peravia RD Banilejos abrieron ayer su esperada Feria del Mango 2026 en su XXII versi\u00f3n consecutiva, con la exhibici\u00f3n y ventas de decenas de variedades de esta exquisita fruta tropical, que tiene como estrella del\" \/>\n\t\t<meta property=\"og:url\" content=\"https:\/\/azuaalinstante.com\/index.php\/2026\/06\/04\/banilejos-abrieron-su-feria-del-mango-2026-con-el-mingolo-como-estrella-del-evento\/\" \/>\n\t\t<meta property=\"article:published_time\" content=\"2026-06-04T10:58:19+00:00\" \/>\n\t\t<meta property=\"article:modified_time\" content=\"2026-06-04T10:58:20+00:00\" \/>\n\t\t<meta name=\"twitter:card\" content=\"summary_large_image\" \/>\n\t\t<meta name=\"twitter:title\" content=\"Banilejos abrieron su Feria del Mango 2026 con el mingolo como estrella del evento - AZUA AL INSTANTE\" \/>\n\t\t<meta name=\"twitter:description\" content=\"Este colorido acto, en su d\u00eda inaugural cont\u00f3 con la presencia, como ya es costumbre, del expresidente Hip\u00f3lito Mej\u00eda. Ban\u00ed, Peravia RD Banilejos abrieron ayer su esperada Feria del Mango 2026 en su XXII versi\u00f3n consecutiva, con la exhibici\u00f3n y ventas de decenas de variedades de esta exquisita fruta tropical, que tiene como estrella del\" \/>\n\t\t<script type=\"application\/ld+json\" class=\"aioseo-schema\">\n\t\t\t{\"@context\":\"https:\\\/\\\/schema.org\",\"@graph\":[{\"@type\":\"BlogPosting\",\"@id\":\"https:\\\/\\\/azuaalinstante.com\\\/index.php\\\/2026\\\/06\\\/04\\\/banilejos-abrieron-su-feria-del-mango-2026-con-el-mingolo-como-estrella-del-evento\\\/#blogposting\",\"name\":\"Banilejos abrieron su Feria del Mango 2026 con el mingolo como estrella del evento - AZUA AL INSTANTE\",\"headline\":\"Banilejos abrieron su Feria del Mango 2026 con el mingolo como estrella del evento\",\"author\":{\"@id\":\"https:\\\/\\\/azuaalinstante.com\\\/index.php\\\/author\\\/redaccion\\\/#author\"},\"publisher\":{\"@id\":\"https:\\\/\\\/azuaalinstante.com\\\/#organization\"},\"image\":{\"@type\":\"ImageObject\",\"url\":\"https:\\\/\\\/azuaalinstante.com\\\/wp-content\\\/uploads\\\/2026\\\/06\\\/6a20c1d330128.jpeg\",\"width\":800,\"height\":600},\"datePublished\":\"2026-06-04T10:58:19+00:00\",\"dateModified\":\"2026-06-04T10:58:20+00:00\",\"inLanguage\":\"es-DO\",\"mainEntityOfPage\":{\"@id\":\"https:\\\/\\\/azuaalinstante.com\\\/index.php\\\/2026\\\/06\\\/04\\\/banilejos-abrieron-su-feria-del-mango-2026-con-el-mingolo-como-estrella-del-evento\\\/#webpage\"},\"isPartOf\":{\"@id\":\"https:\\\/\\\/azuaalinstante.com\\\/index.php\\\/2026\\\/06\\\/04\\\/banilejos-abrieron-su-feria-del-mango-2026-con-el-mingolo-como-estrella-del-evento\\\/#webpage\"},\"articleSection\":\"Regi\\u00f3n Sur\"},{\"@type\":\"BreadcrumbList\",\"@id\":\"https:\\\/\\\/azuaalinstante.com\\\/index.php\\\/2026\\\/06\\\/04\\\/banilejos-abrieron-su-feria-del-mango-2026-con-el-mingolo-como-estrella-del-evento\\\/#breadcrumblist\",\"itemListElement\":[{\"@type\":\"ListItem\",\"@id\":\"https:\\\/\\\/azuaalinstante.com#listItem\",\"position\":1,\"name\":\"Home\",\"item\":\"https:\\\/\\\/azuaalinstante.com\",\"nextItem\":{\"@type\":\"ListItem\",\"@id\":\"https:\\\/\\\/azuaalinstante.com\\\/index.php\\\/category\\\/region-sur\\\/#listItem\",\"name\":\"Regi\\u00f3n Sur\"}},{\"@type\":\"ListItem\",\"@id\":\"https:\\\/\\\/azuaalinstante.com\\\/index.php\\\/category\\\/region-sur\\\/#listItem\",\"position\":2,\"name\":\"Regi\\u00f3n Sur\",\"item\":\"https:\\\/\\\/azuaalinstante.com\\\/index.php\\\/category\\\/region-sur\\\/\",\"nextItem\":{\"@type\":\"ListItem\",\"@id\":\"https:\\\/\\\/azuaalinstante.com\\\/index.php\\\/2026\\\/06\\\/04\\\/banilejos-abrieron-su-feria-del-mango-2026-con-el-mingolo-como-estrella-del-evento\\\/#listItem\",\"name\":\"Banilejos abrieron su Feria del Mango 2026 con el mingolo como estrella del evento\"},\"previousItem\":{\"@type\":\"ListItem\",\"@id\":\"https:\\\/\\\/azuaalinstante.com#listItem\",\"name\":\"Home\"}},{\"@type\":\"ListItem\",\"@id\":\"https:\\\/\\\/azuaalinstante.com\\\/index.php\\\/2026\\\/06\\\/04\\\/banilejos-abrieron-su-feria-del-mango-2026-con-el-mingolo-como-estrella-del-evento\\\/#listItem\",\"position\":3,\"name\":\"Banilejos abrieron su Feria del Mango 2026 con el mingolo como estrella del evento\",\"previousItem\":{\"@type\":\"ListItem\",\"@id\":\"https:\\\/\\\/azuaalinstante.com\\\/index.php\\\/category\\\/region-sur\\\/#listItem\",\"name\":\"Regi\\u00f3n Sur\"}}]},{\"@type\":\"Organization\",\"@id\":\"https:\\\/\\\/azuaalinstante.com\\\/#organization\",\"name\":\"AZUA AL INSTANTE\",\"description\":\"SIEMPRE DETR\\u00c1S DE LA NOTICIA!\",\"url\":\"https:\\\/\\\/azuaalinstante.com\\\/\"},{\"@type\":\"Person\",\"@id\":\"https:\\\/\\\/azuaalinstante.com\\\/index.php\\\/author\\\/redaccion\\\/#author\",\"url\":\"https:\\\/\\\/azuaalinstante.com\\\/index.php\\\/author\\\/redaccion\\\/\",\"name\":\"Redacci\\u00f3n\",\"image\":{\"@type\":\"ImageObject\",\"@id\":\"https:\\\/\\\/azuaalinstante.com\\\/index.php\\\/2026\\\/06\\\/04\\\/banilejos-abrieron-su-feria-del-mango-2026-con-el-mingolo-como-estrella-del-evento\\\/#authorImage\",\"url\":\"https:\\\/\\\/secure.gravatar.com\\\/avatar\\\/d68b136e956cb2c839632b9025c3df5f0812f547e1ff3ca13ce11a5b13bf209c?s=96&d=mm&r=g\",\"width\":96,\"height\":96,\"caption\":\"Redacci\\u00f3n\"}},{\"@type\":\"WebPage\",\"@id\":\"https:\\\/\\\/azuaalinstante.com\\\/index.php\\\/2026\\\/06\\\/04\\\/banilejos-abrieron-su-feria-del-mango-2026-con-el-mingolo-como-estrella-del-evento\\\/#webpage\",\"url\":\"https:\\\/\\\/azuaalinstante.com\\\/index.php\\\/2026\\\/06\\\/04\\\/banilejos-abrieron-su-feria-del-mango-2026-con-el-mingolo-como-estrella-del-evento\\\/\",\"name\":\"Banilejos abrieron su Feria del Mango 2026 con el mingolo como estrella del evento - AZUA AL INSTANTE\",\"description\":\"Este colorido acto, en su d\\u00eda inaugural cont\\u00f3 con la presencia, como ya es costumbre, del expresidente Hip\\u00f3lito Mej\\u00eda. Ban\\u00ed, Peravia RD Banilejos abrieron ayer su esperada Feria del Mango 2026 en su XXII versi\\u00f3n consecutiva, con la exhibici\\u00f3n y ventas de decenas de variedades de esta exquisita fruta tropical, que tiene como estrella del\",\"inLanguage\":\"es-DO\",\"isPartOf\":{\"@id\":\"https:\\\/\\\/azuaalinstante.com\\\/#website\"},\"breadcrumb\":{\"@id\":\"https:\\\/\\\/azuaalinstante.com\\\/index.php\\\/2026\\\/06\\\/04\\\/banilejos-abrieron-su-feria-del-mango-2026-con-el-mingolo-como-estrella-del-evento\\\/#breadcrumblist\"},\"author\":{\"@id\":\"https:\\\/\\\/azuaalinstante.com\\\/index.php\\\/author\\\/redaccion\\\/#author\"},\"creator\":{\"@id\":\"https:\\\/\\\/azuaalinstante.com\\\/index.php\\\/author\\\/redaccion\\\/#author\"},\"image\":{\"@type\":\"ImageObject\",\"url\":\"https:\\\/\\\/azuaalinstante.com\\\/wp-content\\\/uploads\\\/2026\\\/06\\\/6a20c1d330128.jpeg\",\"@id\":\"https:\\\/\\\/azuaalinstante.com\\\/index.php\\\/2026\\\/06\\\/04\\\/banilejos-abrieron-su-feria-del-mango-2026-con-el-mingolo-como-estrella-del-evento\\\/#mainImage\",\"width\":800,\"height\":600},\"primaryImageOfPage\":{\"@id\":\"https:\\\/\\\/azuaalinstante.com\\\/index.php\\\/2026\\\/06\\\/04\\\/banilejos-abrieron-su-feria-del-mango-2026-con-el-mingolo-como-estrella-del-evento\\\/#mainImage\"},\"datePublished\":\"2026-06-04T10:58:19+00:00\",\"dateModified\":\"2026-06-04T10:58:20+00:00\"},{\"@type\":\"WebSite\",\"@id\":\"https:\\\/\\\/azuaalinstante.com\\\/#website\",\"url\":\"https:\\\/\\\/azuaalinstante.com\\\/\",\"name\":\"AZUA AL INSTANTE\",\"description\":\"SIEMPRE DETR\\u00c1S DE LA NOTICIA!\",\"inLanguage\":\"es-DO\",\"publisher\":{\"@id\":\"https:\\\/\\\/azuaalinstante.com\\\/#organization\"}}]}\n\t\t<\/script>\n\t\t<!-- All in One SEO -->\n\n","aioseo_head_json":{"title":"Banilejos abrieron su Feria del Mango 2026 con el mingolo como estrella del evento - AZUA AL INSTANTE","description":"Este colorido acto, en su d\u00eda inaugural cont\u00f3 con la presencia, como ya es costumbre, del expresidente Hip\u00f3lito Mej\u00eda. Ban\u00ed, Peravia RD Banilejos abrieron ayer su esperada Feria del Mango 2026 en su XXII versi\u00f3n consecutiva, con la exhibici\u00f3n y ventas de decenas de variedades de esta exquisita fruta tropical, que tiene como estrella del","canonical_url":"https:\/\/azuaalinstante.com\/index.php\/2026\/06\/04\/banilejos-abrieron-su-feria-del-mango-2026-con-el-mingolo-como-estrella-del-evento\/","robots":"max-image-preview:large","keywords":"","webmasterTools":{"miscellaneous":""},"schema":{"@context":"https:\/\/schema.org","@graph":[{"@type":"BlogPosting","@id":"https:\/\/azuaalinstante.com\/index.php\/2026\/06\/04\/banilejos-abrieron-su-feria-del-mango-2026-con-el-mingolo-como-estrella-del-evento\/#blogposting","name":"Banilejos abrieron su Feria del Mango 2026 con el mingolo como estrella del evento - AZUA AL INSTANTE","headline":"Banilejos abrieron su Feria del Mango 2026 con el mingolo como estrella del evento","author":{"@id":"https:\/\/azuaalinstante.com\/index.php\/author\/redaccion\/#author"},"publisher":{"@id":"https:\/\/azuaalinstante.com\/#organization"},"image":{"@type":"ImageObject","url":"https:\/\/azuaalinstante.com\/wp-content\/uploads\/2026\/06\/6a20c1d330128.jpeg","width":800,"height":600},"datePublished":"2026-06-04T10:58:19+00:00","dateModified":"2026-06-04T10:58:20+00:00","inLanguage":"es-DO","mainEntityOfPage":{"@id":"https:\/\/azuaalinstante.com\/index.php\/2026\/06\/04\/banilejos-abrieron-su-feria-del-mango-2026-con-el-mingolo-como-estrella-del-evento\/#webpage"},"isPartOf":{"@id":"https:\/\/azuaalinstante.com\/index.php\/2026\/06\/04\/banilejos-abrieron-su-feria-del-mango-2026-con-el-mingolo-como-estrella-del-evento\/#webpage"},"articleSection":"Regi\u00f3n Sur"},{"@type":"BreadcrumbList","@id":"https:\/\/azuaalinstante.com\/index.php\/2026\/06\/04\/banilejos-abrieron-su-feria-del-mango-2026-con-el-mingolo-como-estrella-del-evento\/#breadcrumblist","itemListElement":[{"@type":"ListItem","@id":"https:\/\/azuaalinstante.com#listItem","position":1,"name":"Home","item":"https:\/\/azuaalinstante.com","nextItem":{"@type":"ListItem","@id":"https:\/\/azuaalinstante.com\/index.php\/category\/region-sur\/#listItem","name":"Regi\u00f3n Sur"}},{"@type":"ListItem","@id":"https:\/\/azuaalinstante.com\/index.php\/category\/region-sur\/#listItem","position":2,"name":"Regi\u00f3n Sur","item":"https:\/\/azuaalinstante.com\/index.php\/category\/region-sur\/","nextItem":{"@type":"ListItem","@id":"https:\/\/azuaalinstante.com\/index.php\/2026\/06\/04\/banilejos-abrieron-su-feria-del-mango-2026-con-el-mingolo-como-estrella-del-evento\/#listItem","name":"Banilejos abrieron su Feria del Mango 2026 con el mingolo como estrella del evento"},"previousItem":{"@type":"ListItem","@id":"https:\/\/azuaalinstante.com#listItem","name":"Home"}},{"@type":"ListItem","@id":"https:\/\/azuaalinstante.com\/index.php\/2026\/06\/04\/banilejos-abrieron-su-feria-del-mango-2026-con-el-mingolo-como-estrella-del-evento\/#listItem","position":3,"name":"Banilejos abrieron su Feria del Mango 2026 con el mingolo como estrella del evento","previousItem":{"@type":"ListItem","@id":"https:\/\/azuaalinstante.com\/index.php\/category\/region-sur\/#listItem","name":"Regi\u00f3n Sur"}}]},{"@type":"Organization","@id":"https:\/\/azuaalinstante.com\/#organization","name":"AZUA AL INSTANTE","description":"SIEMPRE DETR\u00c1S DE LA NOTICIA!","url":"https:\/\/azuaalinstante.com\/"},{"@type":"Person","@id":"https:\/\/azuaalinstante.com\/index.php\/author\/redaccion\/#author","url":"https:\/\/azuaalinstante.com\/index.php\/author\/redaccion\/","name":"Redacci\u00f3n","image":{"@type":"ImageObject","@id":"https:\/\/azuaalinstante.com\/index.php\/2026\/06\/04\/banilejos-abrieron-su-feria-del-mango-2026-con-el-mingolo-como-estrella-del-evento\/#authorImage","url":"https:\/\/secure.gravatar.com\/avatar\/d68b136e956cb2c839632b9025c3df5f0812f547e1ff3ca13ce11a5b13bf209c?s=96&d=mm&r=g","width":96,"height":96,"caption":"Redacci\u00f3n"}},{"@type":"WebPage","@id":"https:\/\/azuaalinstante.com\/index.php\/2026\/06\/04\/banilejos-abrieron-su-feria-del-mango-2026-con-el-mingolo-como-estrella-del-evento\/#webpage","url":"https:\/\/azuaalinstante.com\/index.php\/2026\/06\/04\/banilejos-abrieron-su-feria-del-mango-2026-con-el-mingolo-como-estrella-del-evento\/","name":"Banilejos abrieron su Feria del Mango 2026 con el mingolo como estrella del evento - AZUA AL INSTANTE","description":"Este colorido acto, en su d\u00eda inaugural cont\u00f3 con la presencia, como ya es costumbre, del expresidente Hip\u00f3lito Mej\u00eda. Ban\u00ed, Peravia RD Banilejos abrieron ayer su esperada Feria del Mango 2026 en su XXII versi\u00f3n consecutiva, con la exhibici\u00f3n y ventas de decenas de variedades de esta exquisita fruta tropical, que tiene como estrella del","inLanguage":"es-DO","isPartOf":{"@id":"https:\/\/azuaalinstante.com\/#website"},"breadcrumb":{"@id":"https:\/\/azuaalinstante.com\/index.php\/2026\/06\/04\/banilejos-abrieron-su-feria-del-mango-2026-con-el-mingolo-como-estrella-del-evento\/#breadcrumblist"},"author":{"@id":"https:\/\/azuaalinstante.com\/index.php\/author\/redaccion\/#author"},"creator":{"@id":"https:\/\/azuaalinstante.com\/index.php\/author\/redaccion\/#author"},"image":{"@type":"ImageObject","url":"https:\/\/azuaalinstante.com\/wp-content\/uploads\/2026\/06\/6a20c1d330128.jpeg","@id":"https:\/\/azuaalinstante.com\/index.php\/2026\/06\/04\/banilejos-abrieron-su-feria-del-mango-2026-con-el-mingolo-como-estrella-del-evento\/#mainImage","width":800,"height":600},"primaryImageOfPage":{"@id":"https:\/\/azuaalinstante.com\/index.php\/2026\/06\/04\/banilejos-abrieron-su-feria-del-mango-2026-con-el-mingolo-como-estrella-del-evento\/#mainImage"},"datePublished":"2026-06-04T10:58:19+00:00","dateModified":"2026-06-04T10:58:20+00:00"},{"@type":"WebSite","@id":"https:\/\/azuaalinstante.com\/#website","url":"https:\/\/azuaalinstante.com\/","name":"AZUA AL INSTANTE","description":"SIEMPRE DETR\u00c1S DE LA NOTICIA!","inLanguage":"es-DO","publisher":{"@id":"https:\/\/azuaalinstante.com\/#organization"}}]},"og:locale":"es_ES","og:site_name":"AZUA AL INSTANTE - SIEMPRE DETR\u00c1S DE LA NOTICIA!","og:type":"article","og:title":"Banilejos abrieron su Feria del Mango 2026 con el mingolo como estrella del evento - AZUA AL INSTANTE","og:description":"Este colorido acto, en su d\u00eda inaugural cont\u00f3 con la presencia, como ya es costumbre, del expresidente Hip\u00f3lito Mej\u00eda. Ban\u00ed, Peravia RD Banilejos abrieron ayer su esperada Feria del Mango 2026 en su XXII versi\u00f3n consecutiva, con la exhibici\u00f3n y ventas de decenas de variedades de esta exquisita fruta tropical, que tiene como estrella del","og:url":"https:\/\/azuaalinstante.com\/index.php\/2026\/06\/04\/banilejos-abrieron-su-feria-del-mango-2026-con-el-mingolo-como-estrella-del-evento\/","article:published_time":"2026-06-04T10:58:19+00:00","article:modified_time":"2026-06-04T10:58:20+00:00","twitter:card":"summary_large_image","twitter:title":"Banilejos abrieron su Feria del Mango 2026 con el mingolo como estrella del evento - AZUA AL INSTANTE","twitter:description":"Este colorido acto, en su d\u00eda inaugural cont\u00f3 con la presencia, como ya es costumbre, del expresidente Hip\u00f3lito Mej\u00eda. Ban\u00ed, Peravia RD Banilejos abrieron ayer su esperada Feria del Mango 2026 en su XXII versi\u00f3n consecutiva, con la exhibici\u00f3n y ventas de decenas de variedades de esta exquisita fruta tropical, que tiene como estrella del"},"aioseo_meta_data":{"post_id":"9007","title":null,"description":null,"keywords":null,"keyphrases":{"focus":{"keyphrase":"","score":0,"analysis":{"keyphraseInTitle":{"score":0,"maxScore":9,"error":1}}},"additional":[]},"primary_term":null,"canonical_url":null,"og_title":null,"og_description":null,"og_object_type":"default","og_image_type":"default","og_image_url":null,"og_image_width":null,"og_image_height":null,"og_image_custom_url":null,"og_image_custom_fields":null,"og_video":"","og_custom_url":null,"og_article_section":null,"og_article_tags":null,"twitter_use_og":false,"twitter_card":"default","twitter_image_type":"default","twitter_image_url":null,"twitter_image_custom_url":null,"twitter_image_custom_fields":null,"twitter_title":null,"twitter_description":null,"schema":{"blockGraphs":[],"customGraphs":[],"default":{"data":{"Article":[],"Course":[],"Dataset":[],"FAQPage":[],"Movie":[],"Person":[],"Product":[],"ProductReview":[],"Car":[],"Recipe":[],"Service":[],"SoftwareApplication":[],"WebPage":[]},"graphName":"BlogPosting","isEnabled":true},"graphs":[]},"schema_type":"default","schema_type_options":null,"pillar_content":false,"robots_default":true,"robots_noindex":false,"robots_noarchive":false,"robots_nosnippet":false,"robots_nofollow":false,"robots_noimageindex":false,"robots_noodp":false,"robots_notranslate":false,"robots_max_snippet":"-1","robots_max_videopreview":"-1","robots_max_imagepreview":"large","priority":null,"frequency":"default","local_seo":null,"breadcrumb_settings":null,"limit_modified_date":false,"ai":{"faqs":[],"keyPoints":[],"titles":[],"descriptions":[],"socialPosts":{"email":[],"linkedin":[],"twitter":[],"facebook":[],"instagram":[]}},"created":"2026-06-04 10:58:20","updated":"2026-06-04 11:03:46","seo_analyzer_scan_date":null},"aioseo_breadcrumb":"<div class=\"aioseo-breadcrumbs\"><span class=\"aioseo-breadcrumb\">\n\t\t\t<a href=\"https:\/\/azuaalinstante.com\" title=\"Home\">Home<\/a>\n\t\t<\/span><span class=\"aioseo-breadcrumb-separator\">&raquo;<\/span><span class=\"aioseo-breadcrumb\">\n\t\t\t<a href=\"https:\/\/azuaalinstante.com\/index.php\/category\/region-sur\/\" title=\"Regi\u00f3n Sur\">Regi\u00f3n Sur<\/a>\n\t\t<\/span><span class=\"aioseo-breadcrumb-separator\">&raquo;<\/span><span class=\"aioseo-breadcrumb\">\n\t\t\tBanilejos abrieron su Feria del Mango 2026 con el mingolo como estrella del evento\n\t\t<\/span><\/div>","aioseo_breadcrumb_json":[{"label":"Home","link":"https:\/\/azuaalinstante.com"},{"label":"Regi\u00f3n Sur","link":"https:\/\/azuaalinstante.com\/index.php\/category\/region-sur\/"},{"label":"Banilejos abrieron su Feria del Mango 2026 con el mingolo como estrella del evento","link":"https:\/\/azuaalinstante.com\/index.php\/2026\/06\/04\/banilejos-abrieron-su-feria-del-mango-2026-con-el-mingolo-como-estrella-del-evento\/"}],"_links":{"self":[{"href":"https:\/\/azuaalinstante.com\/index.php\/wp-json\/wp\/v2\/posts\/9007","targetHints":{"allow":["GET"]}}],"collection":[{"href":"https:\/\/azuaalinstante.com\/index.php\/wp-json\/wp\/v2\/posts"}],"about":[{"href":"https:\/\/azuaalinstante.com\/index.php\/wp-json\/wp\/v2\/types\/post"}],"author":[{"embeddable":true,"href":"https:\/\/azuaalinstante.com\/index.php\/wp-json\/wp\/v2\/users\/2"}],"replies":[{"embeddable":true,"href":"https:\/\/azuaalinstante.com\/index.php\/wp-json\/wp\/v2\/comments?post=9007"}],"version-history":[{"count":1,"href":"https:\/\/azuaalinstante.com\/index.php\/wp-json\/wp\/v2\/posts\/9007\/revisions"}],"predecessor-version":[{"id":9009,"href":"https:\/\/azuaalinstante.com\/index.php\/wp-json\/wp\/v2\/posts\/9007\/revisions\/9009"}],"wp:featuredmedia":[{"embeddable":true,"href":"https:\/\/azuaalinstante.com\/index.php\/wp-json\/wp\/v2\/media\/9008"}],"wp:attachment":[{"href":"https:\/\/azuaalinstante.com\/index.php\/wp-json\/wp\/v2\/media?parent=9007"}],"wp:term":[{"taxonomy":"category","embeddable":true,"href":"https:\/\/azuaalinstante.com\/index.php\/wp-json\/wp\/v2\/categories?post=9007"},{"taxonomy":"post_tag","embeddable":true,"href":"https:\/\/azuaalinstante.com\/index.php\/wp-json\/wp\/v2\/tags?post=9007"}],"curies":[{"name":"wp","href":"https:\/\/api.w.org\/{rel}","templated":true}]}}