{"id":9080,"date":"2026-06-04T18:09:22","date_gmt":"2026-06-04T18:09:22","guid":{"rendered":"https:\/\/azuaalinstante.com\/?p=9080"},"modified":"2026-06-04T18:09:23","modified_gmt":"2026-06-04T18:09:23","slug":"iniciada-ayer-la-feria-expo-mango-2026-en-bani","status":"publish","type":"post","link":"https:\/\/azuaalinstante.com\/index.php\/2026\/06\/04\/iniciada-ayer-la-feria-expo-mango-2026-en-bani\/","title":{"rendered":"Iniciada ayer la feria Expo Mango 2026 en Ban\u00ed"},"content":{"rendered":"\n<p class=\"wp-block-paragraph\">Fausto Soto<\/p>\n\n\n\n<p class=\"wp-block-paragraph\">Ban\u00ed. Jueves 4\/6\/26. Con la presencia de las principales autoridades del \u00e1rea agropecuaria del gobierno, congresistas, alcaldes, empresarios, productores agropecuarios y cientos de personas fue iniciada la vig\u00e9sima segunda versi\u00f3n de la feria Expo Mango banilejo en un local ubicado en la avenida Fabio F. Herrera, distante a 150 metros de la avenida de circunvalaci\u00f3n Sur de Ban\u00ed.<\/p>\n\n\n\n<p class=\"wp-block-paragraph\">La actividad est\u00e1 dedicada al agroempresario Osmar Benitez por sus aportes al desarrollo de la producci\u00f3n agropecuaria en el pa\u00eds.<\/p>\n\n\n\n<p class=\"wp-block-paragraph\">En el \u00e1mbito internacional fue dedicada a Italia, en tanto que en el plano nacional fue dedicada a la provincia de El Seibo.<\/p>\n\n\n\n<p class=\"wp-block-paragraph\">La actividad fue bendecida por el obispo de la Di\u00f3cesis de Ban\u00ed monse\u00f1or Faustino Burgos, quien dijo que los banilejos han sido premiados por Dios al disponer de terrenos, un clima y hombres y mujeres trabajadores que han hecho del cultivo y comercializaci\u00f3n del mango una pr\u00f3spera empresa que ha contribuido al progreso y bienestar de sus habitantes.<\/p>\n\n\n\n<p class=\"wp-block-paragraph\">En representaci\u00f3n del municipio de Ban\u00ed habl\u00f3 el pre de la Sala Capitular Freddy de los Santos, quien destac\u00f3 la importancia de la celebraci\u00f3n de la feria, indicando que la misma no pudo ser realizada en el parque central Marcos A Cabral debido a que est\u00e1 siendo intervenido mediante una remodelaci\u00f3n con aportes economicos del gobierno del presidente Luis Abinader y ser\u00e1 inaugurado en el mes de noviembre con motivo de las fiestas patronales Virgen Nuestra Se\u00f1ora de Regla.<\/p>\n\n\n\n<p class=\"wp-block-paragraph\">Hablamos de trabajo, identidad y orgullo banilejo<\/p>\n\n\n\n<p class=\"wp-block-paragraph\">Para el presidente del comit\u00e9 organizador, Onesimo Mej\u00eda, esta feria viene a confirmar lo que son los banilejos, \"porque no solo se habla de una fruta, sino tambi\u00e9n de trabajo, de identidad, de orgullo y de futuro\".<\/p>\n\n\n\n<p class=\"wp-block-paragraph\">Dijo que en la actualidad, lo que defini\u00f3 como una industria que impulsa la econom\u00eda, concentra m\u00e1s de 150 mil tareas sembradas de mangos en plantaciones formales, de las cuales 120 mil tareas est\u00e1n en producci\u00f3n, cuyo n\u00famero de productores ascienden a dos mil cien ,entre ellos mil 353 certificados por el Ministerio de Agricultura para exportar mangos al mercado de Estados Unidos que el a\u00f1o pasado exportaron los 34 millones de kilogramos generando unos ingresos de 54 millones de d\u00f3lares a la econom\u00eda dominicana.<\/p>\n\n\n\n<p class=\"wp-block-paragraph\">Mej\u00eda que hoy en d\u00eda la producci\u00f3n de mangos y el comercio internacional se realiza en un entorno global cada vez m\u00e1s exigente y convulso, con choques externos y variables dif\u00edciles de controlar como son los fen\u00f3menos atmosfericos, problemas sanitarios, altos costos de producci\u00f3n, mano de obra, baja rentabilidad y comercializaci\u00f3n ,para lo cual afirm\u00f3 que ellos necesitan mayor respaldo de las instituciones del sector agropecuario con asistencia t\u00e9cnica y fortalecer el financiamiento, entre otras cosas.<\/p>\n\n\n\n<p class=\"wp-block-paragraph\">Marca pa\u00eds<\/p>\n\n\n\n<p class=\"wp-block-paragraph\">El ministro de Agricultura Francisco Espailla destac\u00f3 el \"apoyo firme del gobierno en la tecnolog\u00eda, la innovaci\u00f3n, la exportaci\u00f3n y apoyo al desarrollo rural\" como forma de seguir fortaleciendo la calidad alimentaria y la cadena de suministro de productos agropecuarios al mercado nacional e internacional.<\/p>\n\n\n\n<p class=\"wp-block-paragraph\">\"Expo Mango es una muestra de la capacidad que tiene la Rep\u00fablica Dominicana cuando productores agropecuarios, instituciones p\u00fablicas y sector privado unen sus capacidades de trabajo con un prop\u00f3sito com\u00fan \" dijo Espaillait.<\/p>\n\n\n\n<p class=\"wp-block-paragraph\">El ministro de Agricultura dijo que Expo Mango no es solo una feria agr\u00edcola, es una celebraci\u00f3n de nuestra identidad productiva, el esfuerzo de nuestros agricultores y de la capacidad que tiene el campo dominicano de abrirse paso en los mercados internacionales con calidad, innovaci\u00f3n y trabajo constante.<\/p>\n\n\n\n<p class=\"wp-block-paragraph\">Los productores<\/p>\n\n\n\n<p class=\"wp-block-paragraph\">Para Jos\u00e9 Luis Arias, productor de mangos en el distrito municipal de Paya, la feria viene a ser un espacio de participaci\u00f3n social y de mostrar la capacidad de producci\u00f3n de mangos, m\u00e1s no dej\u00f3 de expresar que a pesar de los logros positivos ellos necesitan m\u00e1s apoyo de las autoridades para lograr mejores resultados reflejados en calidad, precios y asistencia t\u00e9cnica.<\/p>\n\n\n\n<p class=\"wp-block-paragraph\">Dijo que para lograr conquistar los mercados internacionales y mejorar la calidad del mango necesitan una mayor protecci\u00f3n de sus cosechas, con programas fito sanitarios, aumentando el n\u00famero de productores certificados Global Gasp, Smeta exigidos por los pa\u00edses importadores de la fruta.<\/p>\n\n\n\n<p class=\"wp-block-paragraph\">Por igual, Felipe Troncoso y Filpo Pimentel, expresaron que la producci\u00f3n de mangos como su comercializaci\u00f3n para el mercado nacional e internacional est\u00e1 concentrada en compa\u00f1\u00edas que en gran medida cuando compran la fruta ponen los precios del mango y obtienen grandes beneficios econ\u00f3micos.<\/p>\n\n\n\n<p class=\"wp-block-paragraph\">Las actividades<\/p>\n\n\n\n<p class=\"wp-block-paragraph\">Desde el pasado mi\u00e9rcoles hasta el pr\u00f3ximo domingo, los visitantes podr\u00e1n disfrutar de actividades art\u00edsticas, culturales, concursos, jornadas t\u00e9cnicas, compra de mangos y otros productos agropecuarios y otros servicios.<\/p>\n\n\n\n<p class=\"wp-block-paragraph\">De su lado, el senador Julito Fulcar y la gobernadora provincial \u00c1ngela Yadira B\u00e1ez, destacaron por separado, el apoyo dado por el gobierno en la provincia para que la feria Expo Mango sea una realidad, agradeciendo en tal sentido el apoyo recibido del empresario Juan Guerrero (Radham\u00e9s Motor) y el pelotero Willy Aybar, por haber prestado los solares de exhibici\u00f3n y muestra y el de parqueo de veh\u00edculos.<\/p>\n\n\n\n<p class=\"wp-block-paragraph\">En la actividad fueron distinguidos con placas de reconocimiento Osmar Benitez y el senador de El Seibo Santiago Zorrilla.<\/p>\n\n\n\n<p class=\"wp-block-paragraph\">Seguridad y servicios<\/p>\n\n\n\n<p class=\"wp-block-paragraph\">Para garantizar la participaci\u00f3n y seguridad de los asistentes, el senador Fulcar anunci\u00f3 que a trav\u00e9s de dos autobuses de la Oficina Metropolitana de Servicios de Autobuses (OMSA) se ofrecer\u00e1 transporte gratis, en tanto que la Direcci\u00f3n Regional Sur de la Polic\u00eda Nacional y la Digesett dispondr\u00e1n de un servicio permanente en las v\u00edas de tr\u00e1nsito como en el \u00e1rea de la Feria para garantizar la seguridad ciudadana.<\/p>\n\n\n\n<p class=\"wp-block-paragraph\">Asimismo, participan en la labores preventivos la Defensa Civil, Cruz Roja, Red Vial RD, 911 y otras instituciones.<\/p>\n\n\n\n<p class=\"wp-block-paragraph\">Entre las autoridades presentes en la apertura de Expo Mango banilejo estuvieron el ex presidente Hipolito Mej\u00eda, el ministro de Agricultura Francisco Espaillait, el administrador general del Banco Agr\u00edcola Fernando Duran, la gobernadora provincial \u00c1ngela Yadira B\u00e1ez, senador Julito Fulcar, Sergio Mafftone embajador de Italia, Faustino Burgos, obispo de la Di\u00f3cesis de Ban\u00ed, los senadores de Santiago Daniel Rivera, el presidente del Senado Ricardo de los Santos, senador de El Seibo Santiago Zorrilla, los diputados Carmen Leyda Scarfullery y Luis B\u00e1ez, el presidente del Ayuntamiento municipal Freddy de los Santos, el ex senador Milciades Franjul y otros legisladores del Congreso Nacional.<\/p>\n\n\n\n<p class=\"wp-block-paragraph\">Asimismo, Juan Carlos Guzm\u00e1n presidente de la C\u00e1mara de Comercio y Producci\u00f3n y del Plan Estrat\u00e9gico de Desarrollo Sostenible Peravia 2025-2055, Juan Tejeda del Cluster Tur\u00edstico de Ban\u00ed, Manuel Bello del Banco Agr\u00edcola en Ban\u00ed, Rafael Omar Landestoy director regional del Ministerio de Agricultura, Manuel Pozo Perello de Industria Banileja (Induban) y representantes de diversos sectores sociales y econ\u00f3micas del pa\u00eds y la regi\u00f3n Sur.<\/p>\n","protected":false},"excerpt":{"rendered":"<p>Fausto Soto Ban\u00ed. Jueves 4\/6\/26. Con la presencia de las principales autoridades del \u00e1rea agropecuaria del gobierno, congresistas, alcaldes, empresarios, productores agropecuarios y cientos de personas fue iniciada la vig\u00e9sima segunda versi\u00f3n de la feria Expo Mango banilejo en un local ubicado en la avenida Fabio F. Herrera, distante a 150 metros de la avenida [&hellip;]<\/p>\n","protected":false},"author":2,"featured_media":9081,"comment_status":"open","ping_status":"open","sticky":false,"template":"","format":"standard","meta":{"_monsterinsights_skip_tracking":false,"footnotes":""},"categories":[25],"tags":[],"class_list":["post-9080","post","type-post","status-publish","format-standard","has-post-thumbnail","hentry","category-region-sur"],"aioseo_notices":[],"aioseo_head":"\n\t\t<!-- All in One SEO 4.9.10 - aioseo.com -->\n\t<meta name=\"description\" content=\"Fausto Soto Ban\u00ed. Jueves 4\/6\/26. Con la presencia de las principales autoridades del \u00e1rea agropecuaria del gobierno, congresistas, alcaldes, empresarios, productores agropecuarios y cientos de personas fue iniciada la vig\u00e9sima segunda versi\u00f3n de la feria Expo Mango banilejo en un local ubicado en la avenida Fabio F. Herrera, distante a 150 metros de la avenida\" \/>\n\t<meta name=\"robots\" content=\"max-image-preview:large\" \/>\n\t<meta name=\"author\" content=\"Redacci\u00f3n\"\/>\n\t<link rel=\"canonical\" href=\"https:\/\/azuaalinstante.com\/index.php\/2026\/06\/04\/iniciada-ayer-la-feria-expo-mango-2026-en-bani\/\" \/>\n\t<meta name=\"generator\" content=\"All in One SEO (AIOSEO) 4.9.10\" \/>\n\t\t<meta property=\"og:locale\" content=\"es_ES\" \/>\n\t\t<meta property=\"og:site_name\" content=\"AZUA AL INSTANTE - SIEMPRE DETR\u00c1S DE LA NOTICIA!\" \/>\n\t\t<meta property=\"og:type\" content=\"article\" \/>\n\t\t<meta property=\"og:title\" content=\"Iniciada ayer la feria Expo Mango 2026 en Ban\u00ed - AZUA AL INSTANTE\" \/>\n\t\t<meta property=\"og:description\" content=\"Fausto Soto Ban\u00ed. Jueves 4\/6\/26. Con la presencia de las principales autoridades del \u00e1rea agropecuaria del gobierno, congresistas, alcaldes, empresarios, productores agropecuarios y cientos de personas fue iniciada la vig\u00e9sima segunda versi\u00f3n de la feria Expo Mango banilejo en un local ubicado en la avenida Fabio F. Herrera, distante a 150 metros de la avenida\" \/>\n\t\t<meta property=\"og:url\" content=\"https:\/\/azuaalinstante.com\/index.php\/2026\/06\/04\/iniciada-ayer-la-feria-expo-mango-2026-en-bani\/\" \/>\n\t\t<meta property=\"article:published_time\" content=\"2026-06-04T18:09:22+00:00\" \/>\n\t\t<meta property=\"article:modified_time\" content=\"2026-06-04T18:09:23+00:00\" \/>\n\t\t<meta name=\"twitter:card\" content=\"summary_large_image\" \/>\n\t\t<meta name=\"twitter:title\" content=\"Iniciada ayer la feria Expo Mango 2026 en Ban\u00ed - AZUA AL INSTANTE\" \/>\n\t\t<meta name=\"twitter:description\" content=\"Fausto Soto Ban\u00ed. Jueves 4\/6\/26. Con la presencia de las principales autoridades del \u00e1rea agropecuaria del gobierno, congresistas, alcaldes, empresarios, productores agropecuarios y cientos de personas fue iniciada la vig\u00e9sima segunda versi\u00f3n de la feria Expo Mango banilejo en un local ubicado en la avenida Fabio F. Herrera, distante a 150 metros de la avenida\" \/>\n\t\t<script type=\"application\/ld+json\" class=\"aioseo-schema\">\n\t\t\t{\"@context\":\"https:\\\/\\\/schema.org\",\"@graph\":[{\"@type\":\"BlogPosting\",\"@id\":\"https:\\\/\\\/azuaalinstante.com\\\/index.php\\\/2026\\\/06\\\/04\\\/iniciada-ayer-la-feria-expo-mango-2026-en-bani\\\/#blogposting\",\"name\":\"Iniciada ayer la feria Expo Mango 2026 en Ban\\u00ed - AZUA AL INSTANTE\",\"headline\":\"Iniciada ayer la feria Expo Mango 2026 en Ban\\u00ed\",\"author\":{\"@id\":\"https:\\\/\\\/azuaalinstante.com\\\/index.php\\\/author\\\/redaccion\\\/#author\"},\"publisher\":{\"@id\":\"https:\\\/\\\/azuaalinstante.com\\\/#organization\"},\"image\":{\"@type\":\"ImageObject\",\"url\":\"https:\\\/\\\/azuaalinstante.com\\\/wp-content\\\/uploads\\\/2026\\\/06\\\/IMG-20260604-WA0065.jpg\",\"width\":1600,\"height\":1200},\"datePublished\":\"2026-06-04T18:09:22+00:00\",\"dateModified\":\"2026-06-04T18:09:23+00:00\",\"inLanguage\":\"es-DO\",\"mainEntityOfPage\":{\"@id\":\"https:\\\/\\\/azuaalinstante.com\\\/index.php\\\/2026\\\/06\\\/04\\\/iniciada-ayer-la-feria-expo-mango-2026-en-bani\\\/#webpage\"},\"isPartOf\":{\"@id\":\"https:\\\/\\\/azuaalinstante.com\\\/index.php\\\/2026\\\/06\\\/04\\\/iniciada-ayer-la-feria-expo-mango-2026-en-bani\\\/#webpage\"},\"articleSection\":\"Regi\\u00f3n Sur\"},{\"@type\":\"BreadcrumbList\",\"@id\":\"https:\\\/\\\/azuaalinstante.com\\\/index.php\\\/2026\\\/06\\\/04\\\/iniciada-ayer-la-feria-expo-mango-2026-en-bani\\\/#breadcrumblist\",\"itemListElement\":[{\"@type\":\"ListItem\",\"@id\":\"https:\\\/\\\/azuaalinstante.com#listItem\",\"position\":1,\"name\":\"Home\",\"item\":\"https:\\\/\\\/azuaalinstante.com\",\"nextItem\":{\"@type\":\"ListItem\",\"@id\":\"https:\\\/\\\/azuaalinstante.com\\\/index.php\\\/category\\\/region-sur\\\/#listItem\",\"name\":\"Regi\\u00f3n Sur\"}},{\"@type\":\"ListItem\",\"@id\":\"https:\\\/\\\/azuaalinstante.com\\\/index.php\\\/category\\\/region-sur\\\/#listItem\",\"position\":2,\"name\":\"Regi\\u00f3n Sur\",\"item\":\"https:\\\/\\\/azuaalinstante.com\\\/index.php\\\/category\\\/region-sur\\\/\",\"nextItem\":{\"@type\":\"ListItem\",\"@id\":\"https:\\\/\\\/azuaalinstante.com\\\/index.php\\\/2026\\\/06\\\/04\\\/iniciada-ayer-la-feria-expo-mango-2026-en-bani\\\/#listItem\",\"name\":\"Iniciada ayer la feria Expo Mango 2026 en Ban\\u00ed\"},\"previousItem\":{\"@type\":\"ListItem\",\"@id\":\"https:\\\/\\\/azuaalinstante.com#listItem\",\"name\":\"Home\"}},{\"@type\":\"ListItem\",\"@id\":\"https:\\\/\\\/azuaalinstante.com\\\/index.php\\\/2026\\\/06\\\/04\\\/iniciada-ayer-la-feria-expo-mango-2026-en-bani\\\/#listItem\",\"position\":3,\"name\":\"Iniciada ayer la feria Expo Mango 2026 en Ban\\u00ed\",\"previousItem\":{\"@type\":\"ListItem\",\"@id\":\"https:\\\/\\\/azuaalinstante.com\\\/index.php\\\/category\\\/region-sur\\\/#listItem\",\"name\":\"Regi\\u00f3n Sur\"}}]},{\"@type\":\"Organization\",\"@id\":\"https:\\\/\\\/azuaalinstante.com\\\/#organization\",\"name\":\"AZUA AL INSTANTE\",\"description\":\"SIEMPRE DETR\\u00c1S DE LA NOTICIA!\",\"url\":\"https:\\\/\\\/azuaalinstante.com\\\/\"},{\"@type\":\"Person\",\"@id\":\"https:\\\/\\\/azuaalinstante.com\\\/index.php\\\/author\\\/redaccion\\\/#author\",\"url\":\"https:\\\/\\\/azuaalinstante.com\\\/index.php\\\/author\\\/redaccion\\\/\",\"name\":\"Redacci\\u00f3n\",\"image\":{\"@type\":\"ImageObject\",\"@id\":\"https:\\\/\\\/azuaalinstante.com\\\/index.php\\\/2026\\\/06\\\/04\\\/iniciada-ayer-la-feria-expo-mango-2026-en-bani\\\/#authorImage\",\"url\":\"https:\\\/\\\/secure.gravatar.com\\\/avatar\\\/d68b136e956cb2c839632b9025c3df5f0812f547e1ff3ca13ce11a5b13bf209c?s=96&d=mm&r=g\",\"width\":96,\"height\":96,\"caption\":\"Redacci\\u00f3n\"}},{\"@type\":\"WebPage\",\"@id\":\"https:\\\/\\\/azuaalinstante.com\\\/index.php\\\/2026\\\/06\\\/04\\\/iniciada-ayer-la-feria-expo-mango-2026-en-bani\\\/#webpage\",\"url\":\"https:\\\/\\\/azuaalinstante.com\\\/index.php\\\/2026\\\/06\\\/04\\\/iniciada-ayer-la-feria-expo-mango-2026-en-bani\\\/\",\"name\":\"Iniciada ayer la feria Expo Mango 2026 en Ban\\u00ed - AZUA AL INSTANTE\",\"description\":\"Fausto Soto Ban\\u00ed. Jueves 4\\\/6\\\/26. Con la presencia de las principales autoridades del \\u00e1rea agropecuaria del gobierno, congresistas, alcaldes, empresarios, productores agropecuarios y cientos de personas fue iniciada la vig\\u00e9sima segunda versi\\u00f3n de la feria Expo Mango banilejo en un local ubicado en la avenida Fabio F. Herrera, distante a 150 metros de la avenida\",\"inLanguage\":\"es-DO\",\"isPartOf\":{\"@id\":\"https:\\\/\\\/azuaalinstante.com\\\/#website\"},\"breadcrumb\":{\"@id\":\"https:\\\/\\\/azuaalinstante.com\\\/index.php\\\/2026\\\/06\\\/04\\\/iniciada-ayer-la-feria-expo-mango-2026-en-bani\\\/#breadcrumblist\"},\"author\":{\"@id\":\"https:\\\/\\\/azuaalinstante.com\\\/index.php\\\/author\\\/redaccion\\\/#author\"},\"creator\":{\"@id\":\"https:\\\/\\\/azuaalinstante.com\\\/index.php\\\/author\\\/redaccion\\\/#author\"},\"image\":{\"@type\":\"ImageObject\",\"url\":\"https:\\\/\\\/azuaalinstante.com\\\/wp-content\\\/uploads\\\/2026\\\/06\\\/IMG-20260604-WA0065.jpg\",\"@id\":\"https:\\\/\\\/azuaalinstante.com\\\/index.php\\\/2026\\\/06\\\/04\\\/iniciada-ayer-la-feria-expo-mango-2026-en-bani\\\/#mainImage\",\"width\":1600,\"height\":1200},\"primaryImageOfPage\":{\"@id\":\"https:\\\/\\\/azuaalinstante.com\\\/index.php\\\/2026\\\/06\\\/04\\\/iniciada-ayer-la-feria-expo-mango-2026-en-bani\\\/#mainImage\"},\"datePublished\":\"2026-06-04T18:09:22+00:00\",\"dateModified\":\"2026-06-04T18:09:23+00:00\"},{\"@type\":\"WebSite\",\"@id\":\"https:\\\/\\\/azuaalinstante.com\\\/#website\",\"url\":\"https:\\\/\\\/azuaalinstante.com\\\/\",\"name\":\"AZUA AL INSTANTE\",\"description\":\"SIEMPRE DETR\\u00c1S DE LA NOTICIA!\",\"inLanguage\":\"es-DO\",\"publisher\":{\"@id\":\"https:\\\/\\\/azuaalinstante.com\\\/#organization\"}}]}\n\t\t<\/script>\n\t\t<!-- All in One SEO -->\n\n","aioseo_head_json":{"title":"Iniciada ayer la feria Expo Mango 2026 en Ban\u00ed - AZUA AL INSTANTE","description":"Fausto Soto Ban\u00ed. Jueves 4\/6\/26. Con la presencia de las principales autoridades del \u00e1rea agropecuaria del gobierno, congresistas, alcaldes, empresarios, productores agropecuarios y cientos de personas fue iniciada la vig\u00e9sima segunda versi\u00f3n de la feria Expo Mango banilejo en un local ubicado en la avenida Fabio F. Herrera, distante a 150 metros de la avenida","canonical_url":"https:\/\/azuaalinstante.com\/index.php\/2026\/06\/04\/iniciada-ayer-la-feria-expo-mango-2026-en-bani\/","robots":"max-image-preview:large","keywords":"","webmasterTools":{"miscellaneous":""},"schema":{"@context":"https:\/\/schema.org","@graph":[{"@type":"BlogPosting","@id":"https:\/\/azuaalinstante.com\/index.php\/2026\/06\/04\/iniciada-ayer-la-feria-expo-mango-2026-en-bani\/#blogposting","name":"Iniciada ayer la feria Expo Mango 2026 en Ban\u00ed - AZUA AL INSTANTE","headline":"Iniciada ayer la feria Expo Mango 2026 en Ban\u00ed","author":{"@id":"https:\/\/azuaalinstante.com\/index.php\/author\/redaccion\/#author"},"publisher":{"@id":"https:\/\/azuaalinstante.com\/#organization"},"image":{"@type":"ImageObject","url":"https:\/\/azuaalinstante.com\/wp-content\/uploads\/2026\/06\/IMG-20260604-WA0065.jpg","width":1600,"height":1200},"datePublished":"2026-06-04T18:09:22+00:00","dateModified":"2026-06-04T18:09:23+00:00","inLanguage":"es-DO","mainEntityOfPage":{"@id":"https:\/\/azuaalinstante.com\/index.php\/2026\/06\/04\/iniciada-ayer-la-feria-expo-mango-2026-en-bani\/#webpage"},"isPartOf":{"@id":"https:\/\/azuaalinstante.com\/index.php\/2026\/06\/04\/iniciada-ayer-la-feria-expo-mango-2026-en-bani\/#webpage"},"articleSection":"Regi\u00f3n Sur"},{"@type":"BreadcrumbList","@id":"https:\/\/azuaalinstante.com\/index.php\/2026\/06\/04\/iniciada-ayer-la-feria-expo-mango-2026-en-bani\/#breadcrumblist","itemListElement":[{"@type":"ListItem","@id":"https:\/\/azuaalinstante.com#listItem","position":1,"name":"Home","item":"https:\/\/azuaalinstante.com","nextItem":{"@type":"ListItem","@id":"https:\/\/azuaalinstante.com\/index.php\/category\/region-sur\/#listItem","name":"Regi\u00f3n Sur"}},{"@type":"ListItem","@id":"https:\/\/azuaalinstante.com\/index.php\/category\/region-sur\/#listItem","position":2,"name":"Regi\u00f3n Sur","item":"https:\/\/azuaalinstante.com\/index.php\/category\/region-sur\/","nextItem":{"@type":"ListItem","@id":"https:\/\/azuaalinstante.com\/index.php\/2026\/06\/04\/iniciada-ayer-la-feria-expo-mango-2026-en-bani\/#listItem","name":"Iniciada ayer la feria Expo Mango 2026 en Ban\u00ed"},"previousItem":{"@type":"ListItem","@id":"https:\/\/azuaalinstante.com#listItem","name":"Home"}},{"@type":"ListItem","@id":"https:\/\/azuaalinstante.com\/index.php\/2026\/06\/04\/iniciada-ayer-la-feria-expo-mango-2026-en-bani\/#listItem","position":3,"name":"Iniciada ayer la feria Expo Mango 2026 en Ban\u00ed","previousItem":{"@type":"ListItem","@id":"https:\/\/azuaalinstante.com\/index.php\/category\/region-sur\/#listItem","name":"Regi\u00f3n Sur"}}]},{"@type":"Organization","@id":"https:\/\/azuaalinstante.com\/#organization","name":"AZUA AL INSTANTE","description":"SIEMPRE DETR\u00c1S DE LA NOTICIA!","url":"https:\/\/azuaalinstante.com\/"},{"@type":"Person","@id":"https:\/\/azuaalinstante.com\/index.php\/author\/redaccion\/#author","url":"https:\/\/azuaalinstante.com\/index.php\/author\/redaccion\/","name":"Redacci\u00f3n","image":{"@type":"ImageObject","@id":"https:\/\/azuaalinstante.com\/index.php\/2026\/06\/04\/iniciada-ayer-la-feria-expo-mango-2026-en-bani\/#authorImage","url":"https:\/\/secure.gravatar.com\/avatar\/d68b136e956cb2c839632b9025c3df5f0812f547e1ff3ca13ce11a5b13bf209c?s=96&d=mm&r=g","width":96,"height":96,"caption":"Redacci\u00f3n"}},{"@type":"WebPage","@id":"https:\/\/azuaalinstante.com\/index.php\/2026\/06\/04\/iniciada-ayer-la-feria-expo-mango-2026-en-bani\/#webpage","url":"https:\/\/azuaalinstante.com\/index.php\/2026\/06\/04\/iniciada-ayer-la-feria-expo-mango-2026-en-bani\/","name":"Iniciada ayer la feria Expo Mango 2026 en Ban\u00ed - AZUA AL INSTANTE","description":"Fausto Soto Ban\u00ed. Jueves 4\/6\/26. Con la presencia de las principales autoridades del \u00e1rea agropecuaria del gobierno, congresistas, alcaldes, empresarios, productores agropecuarios y cientos de personas fue iniciada la vig\u00e9sima segunda versi\u00f3n de la feria Expo Mango banilejo en un local ubicado en la avenida Fabio F. Herrera, distante a 150 metros de la avenida","inLanguage":"es-DO","isPartOf":{"@id":"https:\/\/azuaalinstante.com\/#website"},"breadcrumb":{"@id":"https:\/\/azuaalinstante.com\/index.php\/2026\/06\/04\/iniciada-ayer-la-feria-expo-mango-2026-en-bani\/#breadcrumblist"},"author":{"@id":"https:\/\/azuaalinstante.com\/index.php\/author\/redaccion\/#author"},"creator":{"@id":"https:\/\/azuaalinstante.com\/index.php\/author\/redaccion\/#author"},"image":{"@type":"ImageObject","url":"https:\/\/azuaalinstante.com\/wp-content\/uploads\/2026\/06\/IMG-20260604-WA0065.jpg","@id":"https:\/\/azuaalinstante.com\/index.php\/2026\/06\/04\/iniciada-ayer-la-feria-expo-mango-2026-en-bani\/#mainImage","width":1600,"height":1200},"primaryImageOfPage":{"@id":"https:\/\/azuaalinstante.com\/index.php\/2026\/06\/04\/iniciada-ayer-la-feria-expo-mango-2026-en-bani\/#mainImage"},"datePublished":"2026-06-04T18:09:22+00:00","dateModified":"2026-06-04T18:09:23+00:00"},{"@type":"WebSite","@id":"https:\/\/azuaalinstante.com\/#website","url":"https:\/\/azuaalinstante.com\/","name":"AZUA AL INSTANTE","description":"SIEMPRE DETR\u00c1S DE LA NOTICIA!","inLanguage":"es-DO","publisher":{"@id":"https:\/\/azuaalinstante.com\/#organization"}}]},"og:locale":"es_ES","og:site_name":"AZUA AL INSTANTE - SIEMPRE DETR\u00c1S DE LA NOTICIA!","og:type":"article","og:title":"Iniciada ayer la feria Expo Mango 2026 en Ban\u00ed - AZUA AL INSTANTE","og:description":"Fausto Soto Ban\u00ed. Jueves 4\/6\/26. Con la presencia de las principales autoridades del \u00e1rea agropecuaria del gobierno, congresistas, alcaldes, empresarios, productores agropecuarios y cientos de personas fue iniciada la vig\u00e9sima segunda versi\u00f3n de la feria Expo Mango banilejo en un local ubicado en la avenida Fabio F. Herrera, distante a 150 metros de la avenida","og:url":"https:\/\/azuaalinstante.com\/index.php\/2026\/06\/04\/iniciada-ayer-la-feria-expo-mango-2026-en-bani\/","article:published_time":"2026-06-04T18:09:22+00:00","article:modified_time":"2026-06-04T18:09:23+00:00","twitter:card":"summary_large_image","twitter:title":"Iniciada ayer la feria Expo Mango 2026 en Ban\u00ed - AZUA AL INSTANTE","twitter:description":"Fausto Soto Ban\u00ed. Jueves 4\/6\/26. Con la presencia de las principales autoridades del \u00e1rea agropecuaria del gobierno, congresistas, alcaldes, empresarios, productores agropecuarios y cientos de personas fue iniciada la vig\u00e9sima segunda versi\u00f3n de la feria Expo Mango banilejo en un local ubicado en la avenida Fabio F. Herrera, distante a 150 metros de la avenida"},"aioseo_meta_data":{"post_id":"9080","title":null,"description":null,"keywords":null,"keyphrases":{"focus":{"keyphrase":"","score":0,"analysis":{"keyphraseInTitle":{"score":0,"maxScore":9,"error":1}}},"additional":[]},"primary_term":null,"canonical_url":null,"og_title":null,"og_description":null,"og_object_type":"default","og_image_type":"default","og_image_url":null,"og_image_width":null,"og_image_height":null,"og_image_custom_url":null,"og_image_custom_fields":null,"og_video":"","og_custom_url":null,"og_article_section":null,"og_article_tags":null,"twitter_use_og":false,"twitter_card":"default","twitter_image_type":"default","twitter_image_url":null,"twitter_image_custom_url":null,"twitter_image_custom_fields":null,"twitter_title":null,"twitter_description":null,"schema":{"blockGraphs":[],"customGraphs":[],"default":{"data":{"Article":[],"Course":[],"Dataset":[],"FAQPage":[],"Movie":[],"Person":[],"Product":[],"ProductReview":[],"Car":[],"Recipe":[],"Service":[],"SoftwareApplication":[],"WebPage":[]},"graphName":"BlogPosting","isEnabled":true},"graphs":[]},"schema_type":"default","schema_type_options":null,"pillar_content":false,"robots_default":true,"robots_noindex":false,"robots_noarchive":false,"robots_nosnippet":false,"robots_nofollow":false,"robots_noimageindex":false,"robots_noodp":false,"robots_notranslate":false,"robots_max_snippet":"-1","robots_max_videopreview":"-1","robots_max_imagepreview":"large","priority":null,"frequency":"default","local_seo":null,"breadcrumb_settings":null,"limit_modified_date":false,"ai":{"faqs":[],"keyPoints":[],"titles":[],"descriptions":[],"socialPosts":{"email":[],"linkedin":[],"twitter":[],"facebook":[],"instagram":[]}},"created":"2026-06-04 18:09:23","updated":"2026-06-04 18:17:48","seo_analyzer_scan_date":null},"aioseo_breadcrumb":"<div class=\"aioseo-breadcrumbs\"><span class=\"aioseo-breadcrumb\">\n\t\t\t<a href=\"https:\/\/azuaalinstante.com\" title=\"Home\">Home<\/a>\n\t\t<\/span><span class=\"aioseo-breadcrumb-separator\">&raquo;<\/span><span class=\"aioseo-breadcrumb\">\n\t\t\t<a href=\"https:\/\/azuaalinstante.com\/index.php\/category\/region-sur\/\" title=\"Regi\u00f3n Sur\">Regi\u00f3n Sur<\/a>\n\t\t<\/span><span class=\"aioseo-breadcrumb-separator\">&raquo;<\/span><span class=\"aioseo-breadcrumb\">\n\t\t\tIniciada ayer la feria Expo Mango 2026 en Ban\u00ed\n\t\t<\/span><\/div>","aioseo_breadcrumb_json":[{"label":"Home","link":"https:\/\/azuaalinstante.com"},{"label":"Regi\u00f3n Sur","link":"https:\/\/azuaalinstante.com\/index.php\/category\/region-sur\/"},{"label":"Iniciada ayer la feria Expo Mango 2026 en Ban\u00ed","link":"https:\/\/azuaalinstante.com\/index.php\/2026\/06\/04\/iniciada-ayer-la-feria-expo-mango-2026-en-bani\/"}],"_links":{"self":[{"href":"https:\/\/azuaalinstante.com\/index.php\/wp-json\/wp\/v2\/posts\/9080","targetHints":{"allow":["GET"]}}],"collection":[{"href":"https:\/\/azuaalinstante.com\/index.php\/wp-json\/wp\/v2\/posts"}],"about":[{"href":"https:\/\/azuaalinstante.com\/index.php\/wp-json\/wp\/v2\/types\/post"}],"author":[{"embeddable":true,"href":"https:\/\/azuaalinstante.com\/index.php\/wp-json\/wp\/v2\/users\/2"}],"replies":[{"embeddable":true,"href":"https:\/\/azuaalinstante.com\/index.php\/wp-json\/wp\/v2\/comments?post=9080"}],"version-history":[{"count":1,"href":"https:\/\/azuaalinstante.com\/index.php\/wp-json\/wp\/v2\/posts\/9080\/revisions"}],"predecessor-version":[{"id":9082,"href":"https:\/\/azuaalinstante.com\/index.php\/wp-json\/wp\/v2\/posts\/9080\/revisions\/9082"}],"wp:featuredmedia":[{"embeddable":true,"href":"https:\/\/azuaalinstante.com\/index.php\/wp-json\/wp\/v2\/media\/9081"}],"wp:attachment":[{"href":"https:\/\/azuaalinstante.com\/index.php\/wp-json\/wp\/v2\/media?parent=9080"}],"wp:term":[{"taxonomy":"category","embeddable":true,"href":"https:\/\/azuaalinstante.com\/index.php\/wp-json\/wp\/v2\/categories?post=9080"},{"taxonomy":"post_tag","embeddable":true,"href":"https:\/\/azuaalinstante.com\/index.php\/wp-json\/wp\/v2\/tags?post=9080"}],"curies":[{"name":"wp","href":"https:\/\/api.w.org\/{rel}","templated":true}]}}